{"id":10223,"date":"2022-05-16T07:23:44","date_gmt":"2022-05-16T06:23:44","guid":{"rendered":"https:\/\/www.gymvr.cz\/skola2\/?p=10223"},"modified":"2022-06-20T17:35:17","modified_gmt":"2022-06-20T16:35:17","slug":"pohar-rozhlasu-v-atletice-okresni-kolo","status":"publish","type":"post","link":"https:\/\/www.gymvr.cz\/skola2\/?p=10223","title":{"rendered":"Poh\u00e1r rozhlasu v atletice &#8211; okresn\u00ed kolo"},"content":{"rendered":"<p><a href=\"https:\/\/www.gymvr.cz\/skola2\/wp-content\/uploads\/2022\/05\/DSC04650_u.jpg\"><img loading=\"lazy\" decoding=\"async\" class=\"alignnone wp-image-10232\" src=\"https:\/\/www.gymvr.cz\/skola2\/wp-content\/uploads\/2022\/05\/DSC04650_u.jpg\" alt=\"\" width=\"305\" height=\"155\" \/><\/a><a href=\"https:\/\/www.gymvr.cz\/skola2\/wp-content\/uploads\/2022\/05\/DSC04643_u.jpg\">\u00a0<\/a><a href=\"https:\/\/www.gymvr.cz\/skola2\/wp-content\/uploads\/2022\/05\/DSC04643_u.jpg\"><img loading=\"lazy\" decoding=\"async\" class=\"alignnone wp-image-10233\" src=\"https:\/\/www.gymvr.cz\/skola2\/wp-content\/uploads\/2022\/05\/DSC04643_u.jpg\" alt=\"\" width=\"218\" height=\"155\" \/><\/a><br \/>\nDne 12. 5. 2022 se konalo okresn\u00ed kolo atletick\u00fdch z\u00e1vod\u016f \u2013 Poh\u00e1r rozhlasu p\u0159i \u010cAS. Na\u0161i \u0161kolu reprezentovala v\u00fdb\u011brov\u00e1 skupina d\u011bv\u010dat a chlapc\u016f ni\u017e\u0161\u00edho gymn\u00e1zia. Stejn\u011b jako v okrskov\u00e9m kole p\u0159\u00e1lo sportovc\u016fm i po\u010das\u00ed. V\u0161ichni pod\u00e1vali skv\u011bl\u00e9 v\u00fdkony, povzbuzovali i sv\u00e9 soupe\u0159e. T\u0159e\u0161ni\u010dkou na dortu byl \u00fa\u017easn\u00fd v\u00fdkon <strong>Filipa Jirou\u0161e <\/strong>ze 3.\u00a0A, kter\u00fd nakonec v\u0161echny soupe\u0159e ve skoku vysok\u00e9m porazil a bojoval ji\u017e s\u00e1m se sebou, poko\u0159il v\u00fd\u0161ku 170 cm! Gratulujeme a d\u011bkujeme v\u0161em za reprezentaci \u0161koly. Budeme \u010dekat na rozhodnut\u00ed o postupu t\u00fdm\u016f do kola krajsk\u00e9ho v Hradci Kr\u00e1lov\u00e9.<\/p>\n<p><!--more--><br \/>\n<a href=\"https:\/\/www.gymvr.cz\/skola2\/wp-content\/uploads\/2022\/05\/DSC04954_u.jpg\"><img loading=\"lazy\" decoding=\"async\" class=\"alignnone wp-image-10225\" src=\"https:\/\/www.gymvr.cz\/skola2\/wp-content\/uploads\/2022\/05\/DSC04954_u.jpg\" alt=\"\" width=\"263\" height=\"175\" \/><\/a> <a href=\"https:\/\/www.gymvr.cz\/skola2\/wp-content\/uploads\/2022\/05\/DSC04693_u.jpg\"><img loading=\"lazy\" decoding=\"async\" class=\"alignnone wp-image-10231\" src=\"https:\/\/www.gymvr.cz\/skola2\/wp-content\/uploads\/2022\/05\/DSC04693_u.jpg\" alt=\"\" width=\"122\" height=\"175\" \/><\/a><a href=\"https:\/\/www.gymvr.cz\/skola2\/wp-content\/uploads\/2022\/05\/DSC04821_u.jpg\"><img loading=\"lazy\" decoding=\"async\" class=\"alignnone wp-image-10226\" src=\"https:\/\/www.gymvr.cz\/skola2\/wp-content\/uploads\/2022\/05\/DSC04821_u.jpg\" alt=\"\" width=\"262\" height=\"175\" \/><\/a><br \/>\n&nbsp;<\/p>\n","protected":false},"excerpt":{"rendered":"<p>\u00a0 Dne 12. 5. 2022 se konalo okresn\u00ed kolo atletick\u00fdch z\u00e1vod\u016f \u2013 Poh\u00e1r rozhlasu p\u0159i \u010cAS. Na\u0161i \u0161kolu reprezentovala v\u00fdb\u011brov\u00e1 skupina d\u011bv\u010dat a chlapc\u016f ni\u017e\u0161\u00edho gymn\u00e1zia. Stejn\u011b jako v okrskov\u00e9m kole p\u0159\u00e1lo sportovc\u016fm i po\u010das\u00ed. V\u0161ichni pod\u00e1vali skv\u011bl\u00e9 v\u00fdkony, povzbuzovali &hellip; <a href=\"https:\/\/www.gymvr.cz\/skola2\/?p=10223\">Cel\u00fd p\u0159\u00edsp\u011bvek <span class=\"meta-nav\">&rarr;<\/span><\/a><\/p>\n","protected":false},"author":23,"featured_media":0,"comment_status":"open","ping_status":"open","sticky":false,"template":"","format":"standard","meta":{"ngg_post_thumbnail":0,"footnotes":""},"categories":[1],"tags":[],"class_list":["post-10223","post","type-post","status-publish","format-standard","hentry","category-aktuality"],"_links":{"self":[{"href":"https:\/\/www.gymvr.cz\/skola2\/index.php?rest_route=\/wp\/v2\/posts\/10223","targetHints":{"allow":["GET"]}}],"collection":[{"href":"https:\/\/www.gymvr.cz\/skola2\/index.php?rest_route=\/wp\/v2\/posts"}],"about":[{"href":"https:\/\/www.gymvr.cz\/skola2\/index.php?rest_route=\/wp\/v2\/types\/post"}],"author":[{"embeddable":true,"href":"https:\/\/www.gymvr.cz\/skola2\/index.php?rest_route=\/wp\/v2\/users\/23"}],"replies":[{"embeddable":true,"href":"https:\/\/www.gymvr.cz\/skola2\/index.php?rest_route=%2Fwp%2Fv2%2Fcomments&post=10223"}],"version-history":[{"count":15,"href":"https:\/\/www.gymvr.cz\/skola2\/index.php?rest_route=\/wp\/v2\/posts\/10223\/revisions"}],"predecessor-version":[{"id":10784,"href":"https:\/\/www.gymvr.cz\/skola2\/index.php?rest_route=\/wp\/v2\/posts\/10223\/revisions\/10784"}],"wp:attachment":[{"href":"https:\/\/www.gymvr.cz\/skola2\/index.php?rest_route=%2Fwp%2Fv2%2Fmedia&parent=10223"}],"wp:term":[{"taxonomy":"category","embeddable":true,"href":"https:\/\/www.gymvr.cz\/skola2\/index.php?rest_route=%2Fwp%2Fv2%2Fcategories&post=10223"},{"taxonomy":"post_tag","embeddable":true,"href":"https:\/\/www.gymvr.cz\/skola2\/index.php?rest_route=%2Fwp%2Fv2%2Ftags&post=10223"}],"curies":[{"name":"wp","href":"https:\/\/api.w.org\/{rel}","templated":true}]}}