{"id":10820,"date":"2022-06-23T14:20:51","date_gmt":"2022-06-23T13:20:51","guid":{"rendered":"https:\/\/www.gymvr.cz\/skola2\/?p=10820"},"modified":"2022-06-23T20:15:55","modified_gmt":"2022-06-23T19:15:55","slug":"studentske-simulovane-zastupitelstvo","status":"publish","type":"post","link":"https:\/\/www.gymvr.cz\/skola2\/?p=10820","title":{"rendered":"Studentsk\u00e9 simulovan\u00e9 zastupitelstvo"},"content":{"rendered":"<p><a href=\"https:\/\/www.gymvr.cz\/skola2\/wp-content\/uploads\/2022\/06\/Studentsk\u00e9-simulovan\u00e9-zastupitelstvo.jpg\"><img loading=\"lazy\" decoding=\"async\" class=\" wp-image-10821 alignright\" src=\"https:\/\/www.gymvr.cz\/skola2\/wp-content\/uploads\/2022\/06\/Studentsk\u00e9-simulovan\u00e9-zastupitelstvo.jpg\" alt=\"\" width=\"272\" height=\"206\" \/><\/a>Mo\u017enost l\u00e9pe se sezn\u00e1mit s\u00a0region\u00e1ln\u00ed politikou, s\u00a0fungov\u00e1n\u00edm m\u011bstsk\u00e9 samospr\u00e1vy, pod\u00edvat se na jedn\u00e1n\u00ed zastupitelstva, vyzkou\u0161et si roli zastupitele a tak\u00e9 konzultovat sv\u00e9 vize p\u0159\u00edmo se zastupiteli dostalo ve\u00a0dvoudenn\u00edm programu <strong>Studentsk\u00e9 simulovan\u00e9 zastupitelstvo<\/strong> obecn\u011b prosp\u011b\u0161n\u00e9 spole\u010dnosti Agora CE, spolufinancovan\u00e9m z\u00a0programu Evropsk\u00e9 unie Erasmus+, <strong>v\u00edce ne\u017e 30 student\u016f ze\u00a0\u0161esti t\u0159\u00edd vrchlabsk\u00e9ho gymn\u00e1zia<\/strong>.<!--more--><\/p>\n<p>Ve st\u0159edu 8. 6. 2022 m\u011bli studenti mo\u017enost zopakovat si v\u00a0\u010derstv\u011b zrekonstruovan\u00e9 aule na\u0161\u00ed \u0161koly, jak v\u016fbec funguje \u010desk\u00fd politick\u00fd syst\u00e9m; debatovali spole\u010dn\u011b o tom, co se jim v\u00a0na\u0161em m\u011bst\u011b l\u00edb\u00ed, ale i nel\u00edb\u00ed a jak\u00fdm zp\u016fsobem mohou ob\u010dan\u00e9 tyto v\u011bci zm\u011bnit. Odpoledne se pak n\u011bkte\u0159\u00ed studenti \u00fa\u010dastnili jedn\u00e1n\u00ed vrchlabsk\u00e9ho zastupitelstva.<\/p>\n<p><a style=\"text-decoration-line: underline;\" href=\"https:\/\/www.gymvr.cz\/skola2\/wp-content\/uploads\/2022\/06\/IMG_1111_upraveno.jpg\"><img loading=\"lazy\" decoding=\"async\" class=\"aligncenter size-full wp-image-10822\" style=\"border-color: #bbbbbb; margin-top: 0.4em; background: #eeeeee;\" src=\"https:\/\/www.gymvr.cz\/skola2\/wp-content\/uploads\/2022\/06\/IMG_1111_upraveno.jpg\" alt=\"\" width=\"2233\" height=\"779\" \/><\/a><\/p>\n<p>Druh\u00fd den, \u010dtvrtek 9. 6. 2022, str\u00e1vili p\u0159\u00edmo na M\u00da Vrchlab\u00ed ve spole\u010dnosti zastupitel\u016f Luk\u00e1\u0161e Tepl\u00e9ho a Michala V\u00e1vry, kte\u0159\u00ed student\u016fm pomohli uchopit mnohdy slo\u017eit\u00e9 probl\u00e9my a zasadit je do kontextu. <a href=\"https:\/\/www.gymvr.cz\/skola2\/wp-content\/uploads\/2022\/06\/IMG_1123_upraveno.jpg\"><img loading=\"lazy\" decoding=\"async\" class=\"wp-image-10823 alignleft\" src=\"https:\/\/www.gymvr.cz\/skola2\/wp-content\/uploads\/2022\/06\/IMG_1123_upraveno.jpg\" alt=\"\" width=\"337\" height=\"255\" \/><\/a>Dopoledne vzniklo p\u011bt studentsk\u00fdch politick\u00fdch uskupen\u00ed \u2013 ka\u017ed\u00e9 z\u00a0nich si vzalo za c\u00edl probrat jedno z\u00a0t\u00e9mat (nap\u0159. v\u00fdstavba dostupn\u00e9ho bydlen\u00ed ve Vrchlab\u00ed); ta pak byla projedn\u00e1na odpoledn\u00edm studentsk\u00fdm simulovan\u00fdm zastupitelstvem (v\u010detn\u011b p\u0159ijet\u00ed zformulovan\u00fdch usnesen\u00ed). Na\u0161i \u017e\u00e1ci prok\u00e1zali \u0161irok\u00fd rozhled a jejich aktivn\u00ed p\u0159\u00edstup k\u00a0programu byl odm\u011bnou pro v\u0161echny organiz\u00e1tory.<\/p>\n<p>&nbsp;<\/p>\n<p>T\u00edmto d\u011bkuji troj\u010dlenn\u00e9mu t\u00fdmu Agory CE veden\u00e9mu Pavlou Bedn\u00e1rikovou za profesion\u00e1ln\u00ed pr\u00e1ci a v\u00fdborn\u011b p\u0159ipraven\u00fd program, pan\u016fm zastupitel\u016fm Luk\u00e1\u0161i Tepl\u00e9mu a Michalovi V\u00e1vrovi a koleg\u016fm Zuzan\u011b Dev\u00e1t\u00e9 a Lu\u010fkovi Rychtrovi za pomoc i podporu p\u0159i organizaci akce.<\/p>\n<p>Jan Krej\u010d\u00ed<\/p>\n","protected":false},"excerpt":{"rendered":"<p>Mo\u017enost l\u00e9pe se sezn\u00e1mit s\u00a0region\u00e1ln\u00ed politikou, s\u00a0fungov\u00e1n\u00edm m\u011bstsk\u00e9 samospr\u00e1vy, pod\u00edvat se na jedn\u00e1n\u00ed zastupitelstva, vyzkou\u0161et si roli zastupitele a tak\u00e9 konzultovat sv\u00e9 vize p\u0159\u00edmo se zastupiteli dostalo ve\u00a0dvoudenn\u00edm programu Studentsk\u00e9 simulovan\u00e9 zastupitelstvo obecn\u011b prosp\u011b\u0161n\u00e9 spole\u010dnosti Agora CE, spolufinancovan\u00e9m z\u00a0programu Evropsk\u00e9 &hellip; <a href=\"https:\/\/www.gymvr.cz\/skola2\/?p=10820\">Cel\u00fd p\u0159\u00edsp\u011bvek <span class=\"meta-nav\">&rarr;<\/span><\/a><\/p>\n","protected":false},"author":53,"featured_media":0,"comment_status":"open","ping_status":"open","sticky":false,"template":"","format":"standard","meta":{"ngg_post_thumbnail":0,"footnotes":""},"categories":[1,51],"tags":[],"class_list":["post-10820","post","type-post","status-publish","format-standard","hentry","category-aktuality","category-projektove-dny"],"_links":{"self":[{"href":"https:\/\/www.gymvr.cz\/skola2\/index.php?rest_route=\/wp\/v2\/posts\/10820","targetHints":{"allow":["GET"]}}],"collection":[{"href":"https:\/\/www.gymvr.cz\/skola2\/index.php?rest_route=\/wp\/v2\/posts"}],"about":[{"href":"https:\/\/www.gymvr.cz\/skola2\/index.php?rest_route=\/wp\/v2\/types\/post"}],"author":[{"embeddable":true,"href":"https:\/\/www.gymvr.cz\/skola2\/index.php?rest_route=\/wp\/v2\/users\/53"}],"replies":[{"embeddable":true,"href":"https:\/\/www.gymvr.cz\/skola2\/index.php?rest_route=%2Fwp%2Fv2%2Fcomments&post=10820"}],"version-history":[{"count":3,"href":"https:\/\/www.gymvr.cz\/skola2\/index.php?rest_route=\/wp\/v2\/posts\/10820\/revisions"}],"predecessor-version":[{"id":10837,"href":"https:\/\/www.gymvr.cz\/skola2\/index.php?rest_route=\/wp\/v2\/posts\/10820\/revisions\/10837"}],"wp:attachment":[{"href":"https:\/\/www.gymvr.cz\/skola2\/index.php?rest_route=%2Fwp%2Fv2%2Fmedia&parent=10820"}],"wp:term":[{"taxonomy":"category","embeddable":true,"href":"https:\/\/www.gymvr.cz\/skola2\/index.php?rest_route=%2Fwp%2Fv2%2Fcategories&post=10820"},{"taxonomy":"post_tag","embeddable":true,"href":"https:\/\/www.gymvr.cz\/skola2\/index.php?rest_route=%2Fwp%2Fv2%2Ftags&post=10820"}],"curies":[{"name":"wp","href":"https:\/\/api.w.org\/{rel}","templated":true}]}}