{"id":11348,"date":"2022-11-01T13:56:48","date_gmt":"2022-11-01T12:56:48","guid":{"rendered":"https:\/\/www.gymvr.cz\/skola2\/?p=11348"},"modified":"2022-11-02T13:32:15","modified_gmt":"2022-11-02T12:32:15","slug":"exkurze-na-cernohorske-raseliniste","status":"publish","type":"post","link":"https:\/\/www.gymvr.cz\/skola2\/?p=11348","title":{"rendered":"Exkurze na \u010cernohorsk\u00e9 ra\u0161elini\u0161t\u011b"},"content":{"rendered":"<p>V r\u00e1mci projektu KHK ,,Z lavic do p\u0159\u00edrody&#8220; se studenti z gymn\u00e1zia ve Vrchlab\u00ed a Hostinn\u00e9m z\u00fa\u010dastnili spole\u010dn\u00e9 exkurze na \u010cernohorsk\u00e9 ra\u0161elini\u0161t\u011b. Zde n\u00e1s sv\u00fdm odborn\u00fdm v\u00fdkladem doprov\u00e1zel pracovn\u00edk Spr\u00e1vy Krnap. Dozv\u011bd\u011bli jsme se o vzniku a v\u00fdznamu ra\u0161elini\u0161\u0165, uk\u00e1zali jsme si rostliny, kter\u00e9 jsou pro ra\u0161elini\u0161t\u011b typick\u00e9, odebrali jsme vzorek vody a zm\u011b\u0159ili pH. Hledali jsme pobytov\u00e9 znaky datl\u00edka t\u0159\u00edprst\u00e9ho, sledovali v\u00fdvoj spole\u010denstva lesa a nov\u00e9 trendy ve skladb\u011b lesn\u00edch porost\u016f. D\u00e1le jsme se dozv\u011bd\u011bli o nov\u00e9 zonaci v Krnapu a spoustu dal\u0161\u00edch zaj\u00edmavost\u00ed. T\u00edmto bych cht\u011bla pod\u011bkovat na\u0161emu pr\u016fvodci, panu Janu Maternovi, za skv\u011bl\u00fd v\u00fdklad, kter\u00fd n\u00e1m pomohl pochopit vztahy mezi jednotliv\u00fdmi organismy a jejich prost\u0159ed\u00edm. D\u011bkuji i student\u016fm za z\u00e1jem o ekologickou problematiku a vzorn\u00e9 chov\u00e1n\u00ed. V\u011b\u0159\u00edm, \u017ee z\u00edskan\u00e9 informace uplatn\u00ed nejen v biologii, ale i v dal\u0161\u00edch p\u0159edm\u011btech, kter\u00e9 se ekologickou problematikou zab\u00fdvaj\u00ed a budou se do t\u011bchto p\u0159ekr\u00e1sn\u00fdch m\u00edst r\u00e1di vracet.<\/p>\n<p><img loading=\"lazy\" decoding=\"async\" class=\"wp-image-11365 alignleft\" src=\"https:\/\/www.gymvr.cz\/skola2\/wp-content\/uploads\/2022\/10\/WhatsApp-Image-2022-10-30-at-19.16.03-4.jpeg\" alt=\"\" width=\"557\" height=\"424\" \/><\/p>\n","protected":false},"excerpt":{"rendered":"<p>V r\u00e1mci projektu KHK ,,Z lavic do p\u0159\u00edrody&#8220; se studenti z gymn\u00e1zia ve Vrchlab\u00ed a Hostinn\u00e9m z\u00fa\u010dastnili spole\u010dn\u00e9 exkurze na \u010cernohorsk\u00e9 ra\u0161elini\u0161t\u011b. Zde n\u00e1s sv\u00fdm odborn\u00fdm v\u00fdkladem doprov\u00e1zel pracovn\u00edk Spr\u00e1vy Krnap. Dozv\u011bd\u011bli jsme se o vzniku a v\u00fdznamu ra\u0161elini\u0161\u0165, uk\u00e1zali &hellip; <a href=\"https:\/\/www.gymvr.cz\/skola2\/?p=11348\">Cel\u00fd p\u0159\u00edsp\u011bvek <span class=\"meta-nav\">&rarr;<\/span><\/a><\/p>\n","protected":false},"author":31,"featured_media":0,"comment_status":"open","ping_status":"open","sticky":false,"template":"","format":"standard","meta":{"ngg_post_thumbnail":0,"footnotes":""},"categories":[1],"tags":[],"class_list":["post-11348","post","type-post","status-publish","format-standard","hentry","category-aktuality"],"_links":{"self":[{"href":"https:\/\/www.gymvr.cz\/skola2\/index.php?rest_route=\/wp\/v2\/posts\/11348","targetHints":{"allow":["GET"]}}],"collection":[{"href":"https:\/\/www.gymvr.cz\/skola2\/index.php?rest_route=\/wp\/v2\/posts"}],"about":[{"href":"https:\/\/www.gymvr.cz\/skola2\/index.php?rest_route=\/wp\/v2\/types\/post"}],"author":[{"embeddable":true,"href":"https:\/\/www.gymvr.cz\/skola2\/index.php?rest_route=\/wp\/v2\/users\/31"}],"replies":[{"embeddable":true,"href":"https:\/\/www.gymvr.cz\/skola2\/index.php?rest_route=%2Fwp%2Fv2%2Fcomments&post=11348"}],"version-history":[{"count":10,"href":"https:\/\/www.gymvr.cz\/skola2\/index.php?rest_route=\/wp\/v2\/posts\/11348\/revisions"}],"predecessor-version":[{"id":11423,"href":"https:\/\/www.gymvr.cz\/skola2\/index.php?rest_route=\/wp\/v2\/posts\/11348\/revisions\/11423"}],"wp:attachment":[{"href":"https:\/\/www.gymvr.cz\/skola2\/index.php?rest_route=%2Fwp%2Fv2%2Fmedia&parent=11348"}],"wp:term":[{"taxonomy":"category","embeddable":true,"href":"https:\/\/www.gymvr.cz\/skola2\/index.php?rest_route=%2Fwp%2Fv2%2Fcategories&post=11348"},{"taxonomy":"post_tag","embeddable":true,"href":"https:\/\/www.gymvr.cz\/skola2\/index.php?rest_route=%2Fwp%2Fv2%2Ftags&post=11348"}],"curies":[{"name":"wp","href":"https:\/\/api.w.org\/{rel}","templated":true}]}}