{"id":11600,"date":"2022-11-30T12:04:06","date_gmt":"2022-11-30T11:04:06","guid":{"rendered":"https:\/\/www.gymvr.cz\/skola2\/?p=11600"},"modified":"2022-11-30T12:04:06","modified_gmt":"2022-11-30T11:04:06","slug":"debateri-v-senatu-pcr","status":"publish","type":"post","link":"https:\/\/www.gymvr.cz\/skola2\/?p=11600","title":{"rendered":"Debat\u00e9\u0159i v Sen\u00e1tu P\u010cR"},"content":{"rendered":"<p>&nbsp;<\/p>\n<p><img loading=\"lazy\" decoding=\"async\" class=\"wp-image-11643 alignright\" src=\"https:\/\/www.gymvr.cz\/skola2\/wp-content\/uploads\/2022\/11\/Senat-17-of-57.jpg\" alt=\"\" width=\"177\" height=\"233\" \/><\/p>\n<p>Ji\u017e <a href=\"https:\/\/www.gymvr.cz\/skola2\/?p=11466\">postup<\/a> do republikov\u00e9ho kola sout\u011b\u017ee Studentsk\u00e1 Agora byl p\u0159\u00edjemn\u00fdm p\u0159ekvapen\u00edm, proto jsme si v p\u00e1tek 25. 11. sv\u00e1te\u010dn\u00ed atmosf\u00e9ru v Sen\u00e1tu n\u00e1le\u017eit\u011b u\u017e\u00edvali. Na\u0161i debat\u00e9\u0159i se utkali s dru\u017estvy z gymn\u00e1zi\u00ed v M\u011bln\u00edce, Litom\u011b\u0159ic\u00edch a Hradci Kr\u00e1lov\u00e9. Po dobr\u00fdch v\u00fdkonech na\u0161e dru\u017estvo skon\u010dilo na posledn\u00edm (\u010dtvrt\u00e9m) m\u00edst\u011b. To v\u0161ak nijak neumen\u0161ilo v\u00fdznam nev\u0161edn\u00edho z\u00e1\u017eitku. Bonusem byla \u00fa\u010dast p\u0159edsedy Sen\u00e1tu Milo\u0161e Vystr\u010dila, kter\u00fd sout\u011b\u017e nejen zah\u00e1jil, ale potom (i p\u0159es velk\u00e9 pracovn\u00ed vyt\u00ed\u017een\u00ed) byl p\u0159\u00edtomen i debat\u011b na t\u00e9ma &#8222;Sen\u00e1t P\u010cR by m\u011bl b\u00fdt zru\u0161en&#8220;. V\u0161ichni jsme se obdivovali jeho \u0159e\u010dnick\u00fdm schopnostem a jeho nadhledu.<\/p>\n<p>V\u00fdborn\u00e9 v\u00fdkony z na\u0161eho t\u00fdmu podali zejm\u00e9na zku\u0161en\u00ed debat\u00e9\u0159i z \u0159ad maturant\u016f, zapojili se ale tak\u00e9 studenti z prvn\u00edho ro\u010dn\u00edku. C\u00edl t\u00e9to sout\u011b\u017ee, kter\u00e1 &#8222;vede mlad\u00e9 lidi k porozum\u011bn\u00ed m\u00e9di\u00edm, k rozli\u0161en\u00ed dezinformac\u00ed, k toleranci a porozum\u011bn\u00ed v\u011bcem ve\u0159ejn\u00fdm&#8220;, byl u\u017e jen \u00fa\u010dast\u00ed napln\u011bn. Pro tento \u0161koln\u00ed rok m\u00e1me tedy sout\u011b\u017e za sebou, ale debatujeme d\u00e1l.<\/p>\n<p><img loading=\"lazy\" decoding=\"async\" class=\"size-full wp-image-11644 aligncenter\" src=\"https:\/\/www.gymvr.cz\/skola2\/wp-content\/uploads\/2022\/11\/Senat-56-of-57.jpg\" alt=\"\" width=\"1512\" height=\"1006\" \/><\/p>\n","protected":false},"excerpt":{"rendered":"<p>&nbsp; Ji\u017e postup do republikov\u00e9ho kola sout\u011b\u017ee Studentsk\u00e1 Agora byl p\u0159\u00edjemn\u00fdm p\u0159ekvapen\u00edm, proto jsme si v p\u00e1tek 25. 11. sv\u00e1te\u010dn\u00ed atmosf\u00e9ru v Sen\u00e1tu n\u00e1le\u017eit\u011b u\u017e\u00edvali. Na\u0161i debat\u00e9\u0159i se utkali s dru\u017estvy z gymn\u00e1zi\u00ed v M\u011bln\u00edce, Litom\u011b\u0159ic\u00edch a Hradci Kr\u00e1lov\u00e9. Po &hellip; <a href=\"https:\/\/www.gymvr.cz\/skola2\/?p=11600\">Cel\u00fd p\u0159\u00edsp\u011bvek <span class=\"meta-nav\">&rarr;<\/span><\/a><\/p>\n","protected":false},"author":53,"featured_media":0,"comment_status":"open","ping_status":"open","sticky":false,"template":"","format":"standard","meta":{"ngg_post_thumbnail":0,"footnotes":""},"categories":[1],"tags":[],"class_list":["post-11600","post","type-post","status-publish","format-standard","hentry","category-aktuality"],"_links":{"self":[{"href":"https:\/\/www.gymvr.cz\/skola2\/index.php?rest_route=\/wp\/v2\/posts\/11600","targetHints":{"allow":["GET"]}}],"collection":[{"href":"https:\/\/www.gymvr.cz\/skola2\/index.php?rest_route=\/wp\/v2\/posts"}],"about":[{"href":"https:\/\/www.gymvr.cz\/skola2\/index.php?rest_route=\/wp\/v2\/types\/post"}],"author":[{"embeddable":true,"href":"https:\/\/www.gymvr.cz\/skola2\/index.php?rest_route=\/wp\/v2\/users\/53"}],"replies":[{"embeddable":true,"href":"https:\/\/www.gymvr.cz\/skola2\/index.php?rest_route=%2Fwp%2Fv2%2Fcomments&post=11600"}],"version-history":[{"count":8,"href":"https:\/\/www.gymvr.cz\/skola2\/index.php?rest_route=\/wp\/v2\/posts\/11600\/revisions"}],"predecessor-version":[{"id":11651,"href":"https:\/\/www.gymvr.cz\/skola2\/index.php?rest_route=\/wp\/v2\/posts\/11600\/revisions\/11651"}],"wp:attachment":[{"href":"https:\/\/www.gymvr.cz\/skola2\/index.php?rest_route=%2Fwp%2Fv2%2Fmedia&parent=11600"}],"wp:term":[{"taxonomy":"category","embeddable":true,"href":"https:\/\/www.gymvr.cz\/skola2\/index.php?rest_route=%2Fwp%2Fv2%2Fcategories&post=11600"},{"taxonomy":"post_tag","embeddable":true,"href":"https:\/\/www.gymvr.cz\/skola2\/index.php?rest_route=%2Fwp%2Fv2%2Ftags&post=11600"}],"curies":[{"name":"wp","href":"https:\/\/api.w.org\/{rel}","templated":true}]}}