{"id":11792,"date":"2022-12-13T08:07:12","date_gmt":"2022-12-13T07:07:12","guid":{"rendered":"https:\/\/www.gymvr.cz\/skola2\/?p=11792"},"modified":"2022-12-13T08:09:09","modified_gmt":"2022-12-13T07:09:09","slug":"olympiada-v-ceskem-jazyce","status":"publish","type":"post","link":"https:\/\/www.gymvr.cz\/skola2\/?p=11792","title":{"rendered":"Olympi\u00e1da v \u010desk\u00e9m jazyce"},"content":{"rendered":"<p>Minul\u00fd t\u00fdden u n\u00e1s prob\u011bhlo tak\u00e9 \u0161koln\u00ed kolo <strong>olympi\u00e1dy v \u010desk\u00e9m jazyce<\/strong>. Z\u00e1jem o \u00fa\u010dast byl velk\u00fd a mnoha student\u016fm se poda\u0159ilo dos\u00e1hnout skv\u011bl\u00fdch v\u00fdsledk\u016f p\u0159i \u0159e\u0161en\u00ed mnohdy velmi zapeklit\u00fdch \u00faloh.<\/p>\n<p>Ti nejlep\u0161\u00ed zm\u011b\u0159\u00ed sv<img loading=\"lazy\" decoding=\"async\" class=\"wp-image-11793 alignleft\" src=\"https:\/\/www.gymvr.cz\/skola2\/wp-content\/uploads\/2022\/12\/Olympiada.jpg\" alt=\"\" width=\"124\" height=\"99\" \/>\u00e9 s\u00edly se soupe\u0159i z cel\u00e9ho okresu v dubnu 2023. A kdo n\u00e1s bude reprezentovat? V I. kategorii to bude <strong>Pavla Kutlva\u0161rov\u00e1<\/strong> (3. A) a <strong>Ane\u017eka Klimentov\u00e1<\/strong> (4. A), v II. kategorii potom <strong>Veronika Mejsnarov\u00e1 <\/strong>(6. A) a <strong>Al\u017eb\u011bta Mejsnarov\u00e1<\/strong> (7.\u00a0A). Jako n\u00e1hradn\u00edci je budou jistit <strong>Em\u00edlie Kaplanov\u00e1<\/strong> (3. A) a <strong>Vojt\u011bch Paul\u016f<\/strong> (6. A), kte\u0159\u00ed se ve \u0161koln\u00edm kole um\u00edstili na\u00a03.\u00a0m\u00edst\u011b.<\/p>\n<p>D\u011bkuji v\u0161em z\u00fa\u010dastn\u011bn\u00fdm, \u017ee m\u011bli chu\u0165 l\u00e1mat si hlavu \u010de\u0161tin\u00e1\u0159sk\u00fdmi lib\u016fstkami.<\/p>\n","protected":false},"excerpt":{"rendered":"<p>Minul\u00fd t\u00fdden u n\u00e1s prob\u011bhlo tak\u00e9 \u0161koln\u00ed kolo olympi\u00e1dy v \u010desk\u00e9m jazyce. Z\u00e1jem o \u00fa\u010dast byl velk\u00fd a mnoha student\u016fm se poda\u0159ilo dos\u00e1hnout skv\u011bl\u00fdch v\u00fdsledk\u016f p\u0159i \u0159e\u0161en\u00ed mnohdy velmi zapeklit\u00fdch \u00faloh. Ti nejlep\u0161\u00ed zm\u011b\u0159\u00ed sv\u00e9 s\u00edly se soupe\u0159i z cel\u00e9ho &hellip; <a href=\"https:\/\/www.gymvr.cz\/skola2\/?p=11792\">Cel\u00fd p\u0159\u00edsp\u011bvek <span class=\"meta-nav\">&rarr;<\/span><\/a><\/p>\n","protected":false},"author":64,"featured_media":0,"comment_status":"open","ping_status":"open","sticky":false,"template":"","format":"standard","meta":{"ngg_post_thumbnail":0,"footnotes":""},"categories":[1],"tags":[],"class_list":["post-11792","post","type-post","status-publish","format-standard","hentry","category-aktuality"],"_links":{"self":[{"href":"https:\/\/www.gymvr.cz\/skola2\/index.php?rest_route=\/wp\/v2\/posts\/11792","targetHints":{"allow":["GET"]}}],"collection":[{"href":"https:\/\/www.gymvr.cz\/skola2\/index.php?rest_route=\/wp\/v2\/posts"}],"about":[{"href":"https:\/\/www.gymvr.cz\/skola2\/index.php?rest_route=\/wp\/v2\/types\/post"}],"author":[{"embeddable":true,"href":"https:\/\/www.gymvr.cz\/skola2\/index.php?rest_route=\/wp\/v2\/users\/64"}],"replies":[{"embeddable":true,"href":"https:\/\/www.gymvr.cz\/skola2\/index.php?rest_route=%2Fwp%2Fv2%2Fcomments&post=11792"}],"version-history":[{"count":7,"href":"https:\/\/www.gymvr.cz\/skola2\/index.php?rest_route=\/wp\/v2\/posts\/11792\/revisions"}],"predecessor-version":[{"id":11800,"href":"https:\/\/www.gymvr.cz\/skola2\/index.php?rest_route=\/wp\/v2\/posts\/11792\/revisions\/11800"}],"wp:attachment":[{"href":"https:\/\/www.gymvr.cz\/skola2\/index.php?rest_route=%2Fwp%2Fv2%2Fmedia&parent=11792"}],"wp:term":[{"taxonomy":"category","embeddable":true,"href":"https:\/\/www.gymvr.cz\/skola2\/index.php?rest_route=%2Fwp%2Fv2%2Fcategories&post=11792"},{"taxonomy":"post_tag","embeddable":true,"href":"https:\/\/www.gymvr.cz\/skola2\/index.php?rest_route=%2Fwp%2Fv2%2Ftags&post=11792"}],"curies":[{"name":"wp","href":"https:\/\/api.w.org\/{rel}","templated":true}]}}