{"id":12615,"date":"2023-03-03T20:43:44","date_gmt":"2023-03-03T19:43:44","guid":{"rendered":"https:\/\/www.gymvr.cz\/skola2\/?p=12615"},"modified":"2023-03-06T12:47:24","modified_gmt":"2023-03-06T11:47:24","slug":"projekt-po-stopach-polske-princezny-na-ceskem-trunu","status":"publish","type":"post","link":"https:\/\/www.gymvr.cz\/skola2\/?p=12615","title":{"rendered":"Projekt \u201ePo stop\u00e1ch polsk\u00e9 princezny na \u010desk\u00e9m tr\u016fnu\u201c"},"content":{"rendered":"<p><img loading=\"lazy\" decoding=\"async\" class=\"\" src=\"https:\/\/s3.eu-central-1.amazonaws.com\/uploads.mangoweb.org\/shared-prod\/visegradfund.org\/uploads\/2018\/01\/visegrad_fund_logo_blue_800px-1.jpg\" width=\"286\" height=\"134\"><\/p>\n<p>&nbsp;<\/p>\n<p><strong>Projekt \u201ePo stop\u00e1ch polsk\u00e9 princezny na \u010desk\u00e9m tr\u016fnu\u201c<\/strong><\/p>\n<p><strong>\u201eIn the footsteps of the Polish princess to the Czech throne\u201c<\/strong><\/p>\n<p>Projekt je podpo\u0159en\u00fd Mezin\u00e1rodn\u00edm visegradsk\u00fdch fondem ID: 12230120<\/p>\n<p><span style=\"text-align: justify;\">Partnerem projektu na\u0161eho gymn\u00e1zia je Gmina Miejska Kowary (M\u011bsto Kowary), kter\u00e1 je zakladatelkou \u0161koly Zesp\u00f3\u0142 Szk\u00f3\u0142 Og\u00f3lnokszt\u00e1\u0142c\u0105cych w Kowarach.<\/span><\/p>\n<p><strong>O co v projektu jde?<\/strong><\/p>\n<p style=\"text-align: justify;\">Studenti se za doprovodu u\u010ditel\u016f d\u011bjepisu a angli\u010dtiny vydaj\u00ed po stop\u00e1ch spole\u010dn\u00e9 \u010desko-polsk\u00e9 historie, po m\u011bstech, kter\u00e1 byla spjata s polskou princeznou, princeznou Eli\u0161kou Rej\u010dkou. <!--more-->Prvn\u00ed den t\u0159\u00eddenn\u00edho setk\u00e1n\u00ed prob\u011bhne v Hradci Kr\u00e1lov\u00e9. Ve ve\u010dern\u00edch hodin\u00e1ch odjedou \u00fa\u010dastn\u00edci projektu do Prahy, kde str\u00e1v\u00ed 2 dny. Studenti vyu\u017eij\u00ed m\u011bstskou hromadnou dopravu. Z\u00fa\u010dastn\u011bn\u00ed studenti tohoto setk\u00e1n\u00ed p\u0159edaj\u00ed sv\u00e9 znalosti sv\u00fdm spolu\u017e\u00e1k\u016fm na dal\u0161\u00edch dvou workshopech ve Vrchlab\u00ed a v Kowarech.<\/p>\n<p style=\"text-align: justify;\">Oba partne\u0159i maj\u00ed z\u00e1jem umo\u017enit student\u016fm spolupracovat na mezin\u00e1rodn\u00ed \u00farovni, setk\u00e1vat se s vrstevn\u00edky a roz\u0161\u00ed\u0159it si tak znalosti a dovednosti, kter\u00e9 mohou vyu\u017e\u00edt ve sv\u00e9m dal\u0161\u00edm \u017eivot\u011b a spole\u010densk\u00e9 praxi.<\/p>\n<p style=\"text-align: justify;\">The project partner of our gymnasium is Gmina Miejska Kowary (Town of Kowary), which is the founder of the school Zesp\u00f3\u0142 Szk\u00f3\u0142 Og\u00f3lnokszt\u00e1\u0142\u0105cych w Kowarach.<\/p>\n<p style=\"text-align: justify;\">Students, accompanied by history and English teachers, will follow the traces of common Czech-Polish history through cities that were connected with the Polish princess, Princess Eli\u0161ka Rej\u010dka. The first day of the three-day meeting will take place in Hradec Kr\u00e1lov\u00e9. In the evening they will leave for Prague, where they will spend 2 days. Students use public transport. The participating students of this meeting will pass on their knowledge to their classmates at the next two workshops in Vrchlab\u00ed and Kowary.<\/p>\n<p style=\"text-align: justify;\">Both partners are interested in enabling students to work together on an international level, meet peers and thus expand their knowledge and skills, which they can use in their further life and social practice.<\/p>\n<p><strong>T\u0159\u00eddenn\u00ed setk\u00e1n\u00ed v Hradci Kr\u00e1lov\u00e9 a v Praze &#8211; 03.-05. 04. 2023<\/strong><\/p>\n<p style=\"text-align: justify;\">T\u0159\u00eddenn\u00ed setk\u00e1n\u00ed na t\u00e9ma pozn\u00e1v\u00e1n\u00ed spole\u010dn\u00e9 historie je nazvan\u00e9 \u201ePo stop\u00e1ch polsk\u00e9 princezny na \u010desk\u00e9m tr\u016fn\u011b\u201c (princezna Eli\u0161ka Rej\u010dka). Studenti v r\u00e1mci t\u0159\u00eddenn\u00edho setk\u00e1n\u00ed spole\u010dn\u011b nav\u0161t\u00edv\u00ed m\u011bsta Hradec Kr\u00e1lov\u00e9 a Prahu. Prvn\u00ed den se sezn\u00e1m\u00ed s&nbsp;bohatou \u010desko-polskou histori\u00ed Hradce Kr\u00e1lov\u00e9, v&nbsp;podve\u010der studenti odjedou do Prahy, kde str\u00e1v\u00ed 2 dny. P\u0159ed kon\u00e1n\u00edm t\u0159\u00eddenn\u00edho setk\u00e1n\u00ed studenti pod dohledem u\u010ditel\u016f historie p\u0159iprav\u00ed pracovn\u00ed listy a kv\u00edzy. Setk\u00e1n\u00ed se z\u00fa\u010dastn\u00ed 10 student\u016f z&nbsp;Vrchlab\u00ed,<br \/>\n10 student\u016f z&nbsp;Hostinn\u00e9ho, 10 student\u016f ze&nbsp;ZSO Kowary, 2 u\u010ditel\u00e9 z&nbsp;Kowary a 2 u\u010ditel\u00e9 z Vrchlab\u00ed.<\/p>\n<p><strong>Three-day meeting in Hradec Kr\u00e1lov\u00e9 and Prague &#8211; <\/strong><strong>03.-05.04.2023<\/strong><\/p>\n<p style=\"text-align: justify;\">The three-day meeting on the topic of learning about common history is called &#8222;In the footsteps of the Polish princess to the Czech throne&#8220; (Princess Eli\u0161ka Rej\u010dka). During the three-day meeting, students will visit the cities of Hradec Kr\u00e1lov\u00e9 and Prague together. On the first day, they get to know the rich Czech-Polish history of Hradec Kr\u00e1lov\u00e9, in the early evening the students will leave for Prague, where they will spend 2 days. Before the three-day meeting, students prepare worksheets and quizzes under the supervision of history teachers. The meeting will be attended by 10 students from Vrchlab\u00ed, 10 students from Hostinn\u00e9, 10 students from ZSO Kowary, 2 teachers from Kowary and 2 teachers from Vrchlab\u00ed.<\/p>\n<p>&nbsp;<\/p>\n<p>&nbsp;<\/p>\n<p style=\"text-align: justify;\">&nbsp;<\/p>\n","protected":false},"excerpt":{"rendered":"<p>&nbsp; Projekt \u201ePo stop\u00e1ch polsk\u00e9 princezny na \u010desk\u00e9m tr\u016fnu\u201c \u201eIn the footsteps of the Polish princess to the Czech throne\u201c Projekt je podpo\u0159en\u00fd Mezin\u00e1rodn\u00edm visegradsk\u00fdch fondem ID: 12230120 Partnerem projektu na\u0161eho gymn\u00e1zia je Gmina Miejska Kowary (M\u011bsto Kowary), kter\u00e1 je &hellip; <a href=\"https:\/\/www.gymvr.cz\/skola2\/?p=12615\">Cel\u00fd p\u0159\u00edsp\u011bvek <span class=\"meta-nav\">&rarr;<\/span><\/a><\/p>\n","protected":false},"author":57,"featured_media":0,"comment_status":"open","ping_status":"open","sticky":false,"template":"","format":"standard","meta":{"ngg_post_thumbnail":0,"footnotes":""},"categories":[13,1],"tags":[],"class_list":["post-12615","post","type-post","status-publish","format-standard","hentry","category-euro-projekty","category-aktuality"],"_links":{"self":[{"href":"https:\/\/www.gymvr.cz\/skola2\/index.php?rest_route=\/wp\/v2\/posts\/12615","targetHints":{"allow":["GET"]}}],"collection":[{"href":"https:\/\/www.gymvr.cz\/skola2\/index.php?rest_route=\/wp\/v2\/posts"}],"about":[{"href":"https:\/\/www.gymvr.cz\/skola2\/index.php?rest_route=\/wp\/v2\/types\/post"}],"author":[{"embeddable":true,"href":"https:\/\/www.gymvr.cz\/skola2\/index.php?rest_route=\/wp\/v2\/users\/57"}],"replies":[{"embeddable":true,"href":"https:\/\/www.gymvr.cz\/skola2\/index.php?rest_route=%2Fwp%2Fv2%2Fcomments&post=12615"}],"version-history":[{"count":14,"href":"https:\/\/www.gymvr.cz\/skola2\/index.php?rest_route=\/wp\/v2\/posts\/12615\/revisions"}],"predecessor-version":[{"id":12629,"href":"https:\/\/www.gymvr.cz\/skola2\/index.php?rest_route=\/wp\/v2\/posts\/12615\/revisions\/12629"}],"wp:attachment":[{"href":"https:\/\/www.gymvr.cz\/skola2\/index.php?rest_route=%2Fwp%2Fv2%2Fmedia&parent=12615"}],"wp:term":[{"taxonomy":"category","embeddable":true,"href":"https:\/\/www.gymvr.cz\/skola2\/index.php?rest_route=%2Fwp%2Fv2%2Fcategories&post=12615"},{"taxonomy":"post_tag","embeddable":true,"href":"https:\/\/www.gymvr.cz\/skola2\/index.php?rest_route=%2Fwp%2Fv2%2Ftags&post=12615"}],"curies":[{"name":"wp","href":"https:\/\/api.w.org\/{rel}","templated":true}]}}