{"id":12663,"date":"2023-03-17T06:28:05","date_gmt":"2023-03-17T05:28:05","guid":{"rendered":"https:\/\/www.gymvr.cz\/skola2\/?p=12663"},"modified":"2023-03-17T16:19:33","modified_gmt":"2023-03-17T15:19:33","slug":"eudamus-2023","status":"publish","type":"post","link":"https:\/\/www.gymvr.cz\/skola2\/?p=12663","title":{"rendered":"EuDaMuS 2023"},"content":{"rendered":"<p style=\"text-align: justify;\">European Association for Music in School&nbsp;a Spole\u010dnost pro hudebn\u00ed v\u00fdchovu \u010cesk\u00e9 republiky vyhl\u00e1sily leto\u0161n\u00ed 15. b\u0159ezen Evropsk\u00fdm dnem hudby ve \u0161kol\u00e1ch (European Association for Music in School). K t\u00e9to mezin\u00e1rodn\u00ed oslav\u011b hudebn\u00edho vzd\u011bl\u00e1v\u00e1n\u00ed bylo mo\u017en\u00e9 se p\u0159ipojit r\u016fzn\u00fdmi zp\u016fsoby. <strong>Na\u0161e \u0161kola uspo\u0159\u00e1dala ve st\u0159edu 15. b\u0159ezna studentsk\u00fd koncert v&nbsp;aule<\/strong> <strong>gymn\u00e1zia<\/strong>, na kter\u00e9m vystoupilo s&nbsp;pestr\u00fdm programem 13 talentovan\u00fdch student\u016f. Sly\u0161eli jsme klav\u00edr, housle, saxofon, fagot, violoncello, akordeon, kytaru a zp\u011bv. A v\u0161ichni ostatn\u00ed studenti se nau\u010dili a zazp\u00edvali na hodin\u00e1ch hudebn\u00ed v\u00fdchovy hymnu leto\u0161n\u00edho ro\u010dn\u00edku Music in me.<\/p>\n<p><a href=\"https:\/\/www.gymvr.cz\/skola2\/wp-content\/uploads\/2023\/03\/Koncert2-2-1-scaled.jpg\"><img loading=\"lazy\" decoding=\"async\" class=\"alignnone wp-image-12662 size-medium\" src=\"https:\/\/www.gymvr.cz\/skola2\/wp-content\/uploads\/2023\/03\/Koncert2-2-1-300x179.jpg\" alt=\"\" width=\"300\" height=\"179\" srcset=\"https:\/\/www.gymvr.cz\/skola2\/wp-content\/uploads\/2023\/03\/Koncert2-2-1-300x179.jpg 300w, https:\/\/www.gymvr.cz\/skola2\/wp-content\/uploads\/2023\/03\/Koncert2-2-1-644x384.jpg 644w, https:\/\/www.gymvr.cz\/skola2\/wp-content\/uploads\/2023\/03\/Koncert2-2-1-768x458.jpg 768w, https:\/\/www.gymvr.cz\/skola2\/wp-content\/uploads\/2023\/03\/Koncert2-2-1-1536x916.jpg 1536w, https:\/\/www.gymvr.cz\/skola2\/wp-content\/uploads\/2023\/03\/Koncert2-2-1-2048x1222.jpg 2048w, https:\/\/www.gymvr.cz\/skola2\/wp-content\/uploads\/2023\/03\/Koncert2-2-1-500x298.jpg 500w\" sizes=\"auto, (max-width: 300px) 100vw, 300px\" \/><\/a><\/p>\n","protected":false},"excerpt":{"rendered":"<p>European Association for Music in School&nbsp;a Spole\u010dnost pro hudebn\u00ed v\u00fdchovu \u010cesk\u00e9 republiky vyhl\u00e1sily leto\u0161n\u00ed 15. b\u0159ezen Evropsk\u00fdm dnem hudby ve \u0161kol\u00e1ch (European Association for Music in School). K t\u00e9to mezin\u00e1rodn\u00ed oslav\u011b hudebn\u00edho vzd\u011bl\u00e1v\u00e1n\u00ed bylo mo\u017en\u00e9 se p\u0159ipojit r\u016fzn\u00fdmi zp\u016fsoby. Na\u0161e &hellip; <a href=\"https:\/\/www.gymvr.cz\/skola2\/?p=12663\">Cel\u00fd p\u0159\u00edsp\u011bvek <span class=\"meta-nav\">&rarr;<\/span><\/a><\/p>\n","protected":false},"author":57,"featured_media":0,"comment_status":"open","ping_status":"open","sticky":false,"template":"","format":"standard","meta":{"ngg_post_thumbnail":0,"footnotes":""},"categories":[1],"tags":[],"class_list":["post-12663","post","type-post","status-publish","format-standard","hentry","category-aktuality"],"_links":{"self":[{"href":"https:\/\/www.gymvr.cz\/skola2\/index.php?rest_route=\/wp\/v2\/posts\/12663","targetHints":{"allow":["GET"]}}],"collection":[{"href":"https:\/\/www.gymvr.cz\/skola2\/index.php?rest_route=\/wp\/v2\/posts"}],"about":[{"href":"https:\/\/www.gymvr.cz\/skola2\/index.php?rest_route=\/wp\/v2\/types\/post"}],"author":[{"embeddable":true,"href":"https:\/\/www.gymvr.cz\/skola2\/index.php?rest_route=\/wp\/v2\/users\/57"}],"replies":[{"embeddable":true,"href":"https:\/\/www.gymvr.cz\/skola2\/index.php?rest_route=%2Fwp%2Fv2%2Fcomments&post=12663"}],"version-history":[{"count":2,"href":"https:\/\/www.gymvr.cz\/skola2\/index.php?rest_route=\/wp\/v2\/posts\/12663\/revisions"}],"predecessor-version":[{"id":12666,"href":"https:\/\/www.gymvr.cz\/skola2\/index.php?rest_route=\/wp\/v2\/posts\/12663\/revisions\/12666"}],"wp:attachment":[{"href":"https:\/\/www.gymvr.cz\/skola2\/index.php?rest_route=%2Fwp%2Fv2%2Fmedia&parent=12663"}],"wp:term":[{"taxonomy":"category","embeddable":true,"href":"https:\/\/www.gymvr.cz\/skola2\/index.php?rest_route=%2Fwp%2Fv2%2Fcategories&post=12663"},{"taxonomy":"post_tag","embeddable":true,"href":"https:\/\/www.gymvr.cz\/skola2\/index.php?rest_route=%2Fwp%2Fv2%2Ftags&post=12663"}],"curies":[{"name":"wp","href":"https:\/\/api.w.org\/{rel}","templated":true}]}}