{"id":12833,"date":"2023-03-26T22:25:42","date_gmt":"2023-03-26T21:25:42","guid":{"rendered":"https:\/\/www.gymvr.cz\/skola2\/?p=12833"},"modified":"2023-03-30T05:39:26","modified_gmt":"2023-03-30T04:39:26","slug":"vitani-jara","status":"publish","type":"post","link":"https:\/\/www.gymvr.cz\/skola2\/?p=12833","title":{"rendered":"V\u00edt\u00e1n\u00ed jara 2023"},"content":{"rendered":"ngg_shortcode_0_placeholder\u017d\u00e1ci 1. A&nbsp; a 2. A se v p\u00e1tek 24. b\u0159ezna 2023 z\u00fa\u010dastnili \u010desko-polsk\u00fdch workshop\u016f&nbsp; velikono\u010dn\u00ed tematikou, kter\u00e9 pro vrchlabsk\u00e9 a kowarsk\u00e9 \u017e\u00e1ky na St\u0159elnici uspo\u0159\u00e1dal Institut spolupr\u00e1ce za spolufinancov\u00e1n\u00ed EFRR prost\u0159ednictv\u00edm Euroregionu Glacensis.<\/p>\n<p><!--more--><\/p>\n<p>Po \u00favodn\u00ed prezentaci Mgr. Beaty Hudsk\u00e9, ve kter\u00e9 vysv\u011btlovala a porovn\u00e1vala \u010desk\u00e9 a polsk\u00e9 velikono\u010dn\u00ed zvyky, se ob\u011b t\u0159\u00eddy rozd\u011blily na d\u011bv\u010data a chlapce, aby si na tvo\u0159iv\u00fdch workshopech pod veden\u00edm \u010desk\u00fdch i polsk\u00fdch lektor\u016f vyrobili drobn\u00e9 velikono\u010dn\u00ed d\u00e1rky.<\/p>\n<p>Kluci si odnesli vlastnoru\u010dn\u011b vyrobenou poml\u00e1zku a jarn\u00ed aran\u017e, n\u011bkte\u0159\u00ed stihli je\u0161t\u011b vymalovat l\u00e1tkov\u00e9 vaj\u00ed\u010dko nebo slepi\u010dku. Velkou pochvalu dostali za teoretick\u00e9 znalosti p\u0159i kv\u00edzech. Ze v\u0161ech z\u00fa\u010dastn\u011bn\u00fdch skupin byli na\u0161i kluci jasn\u011b nejlep\u0161\u00ed a vysoce p\u0159evy\u0161ovali v\u00fdkony \u017e\u00e1k\u016f z ostatn\u00edch \u0161kol.<\/p>\n<p>D\u011bv\u010data nejprve z dr\u00e1tu vyr\u00e1b\u011bla kv\u011btinov\u00e9 z\u00e1pichy ozdoben\u00e9 kor\u00e1lky. Dr\u00e1t zpo\u010d\u00e1tku kladl velk\u00fd odpor, ale nakonec se v\u0161em d\u00edvk\u00e1m poda\u0159ilo pr\u00e1ci uspokojiv\u011b dokon\u010dit, a tak se mohly radovat z hezk\u00fdch v\u00fdrobk\u016f. Vytvo\u0159it kv\u011btinovou aran\u017e nebylo ji\u017e tak n\u00e1ro\u010dn\u00e9 a v\u00fdsledky byly moc p\u011bkn\u00e9. N\u00e1le\u017eitou \u0161ikovnost bylo na z\u00e1v\u011br t\u0159eba uplatnit je\u0161t\u011b p\u0159i pleten\u00ed ko\u0161\u00ed\u010dk\u016f z pedigu.<\/p>\n<p>Ob\u010derstveni na t\u011ble i na duchu jsme dom\u016f odch\u00e1zeli spokojen\u00ed a dob\u0159e nalad\u011bn\u00ed. D\u011bkujeme Institutu spolupr\u00e1ce za mo\u017enost z\u00fa\u010dastnit se t\u00e9to hezk\u00e9 a na p\u0159\u00edpravu velmi n\u00e1ro\u010dn\u00e9 akce. (J. N.)<\/p>\n","protected":false},"excerpt":{"rendered":"<p>\u017d\u00e1ci 1. A&nbsp; a 2. A se v p\u00e1tek 24. b\u0159ezna 2023 z\u00fa\u010dastnili \u010desko-polsk\u00fdch workshop\u016f&nbsp; velikono\u010dn\u00ed tematikou, kter\u00e9 pro vrchlabsk\u00e9 a kowarsk\u00e9 \u017e\u00e1ky na St\u0159elnici uspo\u0159\u00e1dal Institut spolupr\u00e1ce za spolufinancov\u00e1n\u00ed EFRR prost\u0159ednictv\u00edm Euroregionu Glacensis.<\/p>\n","protected":false},"author":35,"featured_media":0,"comment_status":"open","ping_status":"open","sticky":false,"template":"","format":"standard","meta":{"ngg_post_thumbnail":0,"footnotes":""},"categories":[13,1,51,8],"tags":[],"class_list":["post-12833","post","type-post","status-publish","format-standard","hentry","category-euro-projekty","category-aktuality","category-projektove-dny","category-skolni-akce"],"_links":{"self":[{"href":"https:\/\/www.gymvr.cz\/skola2\/index.php?rest_route=\/wp\/v2\/posts\/12833","targetHints":{"allow":["GET"]}}],"collection":[{"href":"https:\/\/www.gymvr.cz\/skola2\/index.php?rest_route=\/wp\/v2\/posts"}],"about":[{"href":"https:\/\/www.gymvr.cz\/skola2\/index.php?rest_route=\/wp\/v2\/types\/post"}],"author":[{"embeddable":true,"href":"https:\/\/www.gymvr.cz\/skola2\/index.php?rest_route=\/wp\/v2\/users\/35"}],"replies":[{"embeddable":true,"href":"https:\/\/www.gymvr.cz\/skola2\/index.php?rest_route=%2Fwp%2Fv2%2Fcomments&post=12833"}],"version-history":[{"count":27,"href":"https:\/\/www.gymvr.cz\/skola2\/index.php?rest_route=\/wp\/v2\/posts\/12833\/revisions"}],"predecessor-version":[{"id":12983,"href":"https:\/\/www.gymvr.cz\/skola2\/index.php?rest_route=\/wp\/v2\/posts\/12833\/revisions\/12983"}],"wp:attachment":[{"href":"https:\/\/www.gymvr.cz\/skola2\/index.php?rest_route=%2Fwp%2Fv2%2Fmedia&parent=12833"}],"wp:term":[{"taxonomy":"category","embeddable":true,"href":"https:\/\/www.gymvr.cz\/skola2\/index.php?rest_route=%2Fwp%2Fv2%2Fcategories&post=12833"},{"taxonomy":"post_tag","embeddable":true,"href":"https:\/\/www.gymvr.cz\/skola2\/index.php?rest_route=%2Fwp%2Fv2%2Ftags&post=12833"}],"curies":[{"name":"wp","href":"https:\/\/api.w.org\/{rel}","templated":true}]}}