{"id":13427,"date":"2023-05-04T10:50:42","date_gmt":"2023-05-04T09:50:42","guid":{"rendered":"https:\/\/www.gymvr.cz\/skola2\/?p=13427"},"modified":"2023-05-10T08:32:14","modified_gmt":"2023-05-10T07:32:14","slug":"krajske-kolo-olympiady-cj","status":"publish","type":"post","link":"https:\/\/www.gymvr.cz\/skola2\/?p=13427","title":{"rendered":"Krajsk\u00e9 kolo olympi\u00e1dy \u010cJ"},"content":{"rendered":"<p>25. dubna 2023 na\u0161i \u0161kolu reprezentovaly v krajsk\u00e9m kole olympi\u00e1dy v \u010desk\u00e9m jazyce hned dv\u011b studentky, <strong>Ane\u017eka Klimentov\u00e1<\/strong> a <strong>Pavla Kutlva\u0161rov\u00e1<\/strong>. Ob\u011bma se poda\u0159ilo nav\u00e1zat na skv\u011bl\u00e9 v\u00fdkony z&nbsp;okresn\u00edho kola a i ve velmi obt\u00ed\u017en\u00e9m&nbsp;krajsk\u00e9m kole dos\u00e1hly vynikaj\u00edc\u00edch v\u00fdsledk\u016f.<\/p>\n<p><strong><img loading=\"lazy\" decoding=\"async\" class=\"alignright size-medium wp-image-13428\" src=\"https:\/\/www.gymvr.cz\/skola2\/wp-content\/uploads\/2023\/05\/Olympiada-z-ceskeho-jazyka1-300x213.png\" alt=\"\" width=\"300\" height=\"213\" srcset=\"https:\/\/www.gymvr.cz\/skola2\/wp-content\/uploads\/2023\/05\/Olympiada-z-ceskeho-jazyka1-300x213.png 300w, https:\/\/www.gymvr.cz\/skola2\/wp-content\/uploads\/2023\/05\/Olympiada-z-ceskeho-jazyka1-644x457.png 644w, https:\/\/www.gymvr.cz\/skola2\/wp-content\/uploads\/2023\/05\/Olympiada-z-ceskeho-jazyka1-768x545.png 768w, https:\/\/www.gymvr.cz\/skola2\/wp-content\/uploads\/2023\/05\/Olympiada-z-ceskeho-jazyka1-1536x1090.png 1536w, https:\/\/www.gymvr.cz\/skola2\/wp-content\/uploads\/2023\/05\/Olympiada-z-ceskeho-jazyka1-423x300.png 423w, https:\/\/www.gymvr.cz\/skola2\/wp-content\/uploads\/2023\/05\/Olympiada-z-ceskeho-jazyka1.png 1748w\" sizes=\"auto, (max-width: 300px) 100vw, 300px\" \/>Ane\u017ece<\/strong> gratulujeme k&nbsp;<strong>6. m\u00edstu<\/strong> a smek\u00e1me p\u0159ed <strong>P\u00e1jou Kutlva\u0161rovou<\/strong>, kter\u00e1 dos\u00e1hla dokonce na p\u0159\u00ed\u010dku nejvy\u0161\u0161\u00ed a <strong>sout\u011b\u017e <\/strong>op\u011bt<strong> vyhr\u00e1la<\/strong>. M\u016f\u017ee se tak t\u011b\u0161it na celorepublikov\u00e9 kolo, je\u017e by m\u011blo prob\u011bhnout v&nbsp;\u010dervnu.<\/p>\n","protected":false},"excerpt":{"rendered":"<p>25. dubna 2023 na\u0161i \u0161kolu reprezentovaly v krajsk\u00e9m kole olympi\u00e1dy v \u010desk\u00e9m jazyce hned dv\u011b studentky, Ane\u017eka Klimentov\u00e1 a Pavla Kutlva\u0161rov\u00e1. Ob\u011bma se poda\u0159ilo nav\u00e1zat na skv\u011bl\u00e9 v\u00fdkony z&nbsp;okresn\u00edho kola a i ve velmi obt\u00ed\u017en\u00e9m&nbsp;krajsk\u00e9m kole dos\u00e1hly vynikaj\u00edc\u00edch v\u00fdsledk\u016f. Ane\u017ece &hellip; <a href=\"https:\/\/www.gymvr.cz\/skola2\/?p=13427\">Cel\u00fd p\u0159\u00edsp\u011bvek <span class=\"meta-nav\">&rarr;<\/span><\/a><\/p>\n","protected":false},"author":64,"featured_media":0,"comment_status":"open","ping_status":"open","sticky":false,"template":"","format":"standard","meta":{"ngg_post_thumbnail":0,"footnotes":""},"categories":[1],"tags":[],"class_list":["post-13427","post","type-post","status-publish","format-standard","hentry","category-aktuality"],"_links":{"self":[{"href":"https:\/\/www.gymvr.cz\/skola2\/index.php?rest_route=\/wp\/v2\/posts\/13427","targetHints":{"allow":["GET"]}}],"collection":[{"href":"https:\/\/www.gymvr.cz\/skola2\/index.php?rest_route=\/wp\/v2\/posts"}],"about":[{"href":"https:\/\/www.gymvr.cz\/skola2\/index.php?rest_route=\/wp\/v2\/types\/post"}],"author":[{"embeddable":true,"href":"https:\/\/www.gymvr.cz\/skola2\/index.php?rest_route=\/wp\/v2\/users\/64"}],"replies":[{"embeddable":true,"href":"https:\/\/www.gymvr.cz\/skola2\/index.php?rest_route=%2Fwp%2Fv2%2Fcomments&post=13427"}],"version-history":[{"count":4,"href":"https:\/\/www.gymvr.cz\/skola2\/index.php?rest_route=\/wp\/v2\/posts\/13427\/revisions"}],"predecessor-version":[{"id":13442,"href":"https:\/\/www.gymvr.cz\/skola2\/index.php?rest_route=\/wp\/v2\/posts\/13427\/revisions\/13442"}],"wp:attachment":[{"href":"https:\/\/www.gymvr.cz\/skola2\/index.php?rest_route=%2Fwp%2Fv2%2Fmedia&parent=13427"}],"wp:term":[{"taxonomy":"category","embeddable":true,"href":"https:\/\/www.gymvr.cz\/skola2\/index.php?rest_route=%2Fwp%2Fv2%2Fcategories&post=13427"},{"taxonomy":"post_tag","embeddable":true,"href":"https:\/\/www.gymvr.cz\/skola2\/index.php?rest_route=%2Fwp%2Fv2%2Ftags&post=13427"}],"curies":[{"name":"wp","href":"https:\/\/api.w.org\/{rel}","templated":true}]}}