{"id":15236,"date":"2007-09-25T07:16:03","date_gmt":"2007-09-25T06:16:03","guid":{"rendered":"https:\/\/www.gymvr.cz\/skola2\/?p=15236"},"modified":"2023-10-10T07:17:56","modified_gmt":"2023-10-10T06:17:56","slug":"zapis-ze-schuze-sp-gv-25-9-2007","status":"publish","type":"post","link":"https:\/\/www.gymvr.cz\/skola2\/?p=15236","title":{"rendered":"Z\u00e1pis ze sch\u016fze SP-GV 25.9.2007"},"content":{"rendered":"<p><strong>Probl\u00e9my:<\/strong><br \/>\n&#8211; ob\u011bdy x rozvrh : Ve 13:15 kon\u010d\u00ed t\u00e9m\u011b\u0159 cel\u00e1 \u0161kola, s \u010d\u00edm\u017e souvis\u00ed velk\u00e9 fronty v j\u00eddeln\u00e1ch. Studenti, kte\u0159\u00ed maj\u00ed odpoledn\u00ed vyu\u010dov\u00e1n\u00ed se na n\u011bj nemohou dostavit v\u010das. Mo\u017enost \u0159e\u0161en\u00ed? Prohodit 6. a 7. hodinu.<\/p>\n<p>&#8211; uzav\u00edr\u00e1n\u00ed klasifikace maturant\u016f: N\u011bkte\u0159\u00ed u\u010ditel\u00e9 vyslovili nesouhlas s d\u0159\u00edv\u011bj\u0161\u00edm uzav\u00edr\u00e1n\u00edm zn\u00e1mek maturant\u016f nebo i se sni\u017eov\u00e1n\u00edm n\u00e1roku na nematuruj\u00edc\u00ed z dan\u00e9ho p\u0159edm\u011btu. (T\u00fdk\u00e1 se 2. pololet\u00ed)<\/p>\n<p>Vysv\u011btlen\u00ed z pedagogick\u00e9 rady &#8211; Gu: \u0159editelstv\u00ed \u0161koly doporu\u010dilo pouze zohlednit po\u017eadavky k nematuruj\u00edc\u00edm, v\u0161e z\u00e1visl\u00e9 na v\u016fli vyu\u010duj\u00edc\u00edho<\/p>\n<p><strong>\u00dakoly i pro &#8222;\u0161kolu&#8220;:<\/strong><br \/>\n1) \u00faklid studovny &#8211; ur\u010dit spr\u00e1vce studovny z \u0159ad student\u016f<\/p>\n<p>2) informace o p\u0159ipravovan\u00e9m informa\u010dn\u00edm syst\u00e9mu o v\u00fdsledc\u00edch a absenc\u00edch \u017e\u00e1k\u016f pro rodi\u010de &#8211; Bl; Ot\u00e1zka: Jak to je se studenty 18 let a v\u00edce<\/p>\n<p>3) knihovna a jej\u00ed fungov\u00e1n\u00ed &#8211; pov\u011b\u0159en M. Kverka, informace z\u00edsk\u00e1 u p. Zaplat\u00edlka<\/p>\n<p>4) \u0161koln\u00ed \u010dasopis Break &#8211; financov\u00e1n\u00ed n\u00e1klad\u016f na jeho tisk &#8211; \u00fa\u010dast \u0161koly? P\u0159ed\u00e1no k \u0159e\u0161en\u00ed redakci.<\/p>\n<p><strong>Dal\u0161\u00ed body k projedn\u00e1n\u00ed se &#8222;\u0161kolou&#8220;:<\/strong><br \/>\n1) projekt &#8222;\u0161koln\u00ed tri\u010dko&#8220; &#8211; n\u00e1vrh na v\u00fdrobu tzv. \u0161koln\u00edho tri\u010dka: triko s motivem reprezentuj\u00edc\u00edm gymn\u00e1zium; mo\u017enosti vyu\u017eit\u00ed &#8211; suven\u00fdr k zakoupen\u00ed studenty, reprezenta\u010dn\u00ed tri\u010dko: sportovn\u00ed sout\u011b\u017ee \/ zjistit z\u00e1jem ze strany \u0161koly i student\u016f<\/p>\n<p>2) t\u0159\u00eddnick\u00e9 hodiny &#8211; zaveden\u00ed do rozvrhu pravideln\u00fdch t\u0159\u00eddnick\u00fdch hodin (1&#215;3 t\u00fddny)<\/p>\n<p>3) n\u00e1st\u011bnka &#8211; vytvo\u0159it n\u00e1st\u011bnku Parlamentu slou\u017e\u00edc\u00ed ke komunikaci \u0161kola- Parlament &#8211; studenti<\/p>\n<p>4) p\u00edsemky &#8211; definice mal\u00e9 a velk\u00e9 p\u00edsemky; vy\u0159e\u0161it kumulov\u00e1n\u00ed velk\u00fdch p\u00edsemek do 1 t\u00fddne i dne p\u0159ed koncem \u010dtvrtlet\u00ed a pololet\u00ed &#8211; vy\u0159e\u0161\u00ed to t\u0159\u00eddnice?!<\/p>\n<p><strong>Informace &#8211; Gu<\/strong><br \/>\nBes\u00eddky budou &#8211; organiza\u010dn\u00ed v\u00fdbor vytvo\u0159en &#8211; \u00fa\u010dast jazyk\u00e1\u0159\u016f, \u010de\u0161tin\u00e1\u0159\u016f a hudebn\u00edk\u016f<\/p>\n<p>Burza u\u010debnic &#8211; zd\u00e1 se, \u017ee m\u011bla \u00fasp\u011bch; do organizace p\u0159\u00ed\u0161t\u00edho kola zapojit studenty<\/p>\n<p><strong>Napsala &#8211; Karina Guilbert, publikovala &#8211; Michaela Bajerov\u00e1<\/strong><\/p>\n","protected":false},"excerpt":{"rendered":"<p>Probl\u00e9my: &#8211; ob\u011bdy x rozvrh : Ve 13:15 kon\u010d\u00ed t\u00e9m\u011b\u0159 cel\u00e1 \u0161kola, s \u010d\u00edm\u017e souvis\u00ed velk\u00e9 fronty v j\u00eddeln\u00e1ch. Studenti, kte\u0159\u00ed maj\u00ed odpoledn\u00ed vyu\u010dov\u00e1n\u00ed se na n\u011bj nemohou dostavit v\u010das. Mo\u017enost \u0159e\u0161en\u00ed? Prohodit 6. a 7. hodinu. &#8211; uzav\u00edr\u00e1n\u00ed klasifikace &hellip; <a href=\"https:\/\/www.gymvr.cz\/skola2\/?p=15236\">Cel\u00fd p\u0159\u00edsp\u011bvek <span class=\"meta-nav\">&rarr;<\/span><\/a><\/p>\n","protected":false},"author":78,"featured_media":0,"comment_status":"open","ping_status":"open","sticky":false,"template":"","format":"standard","meta":{"ngg_post_thumbnail":0,"footnotes":""},"categories":[1,22],"tags":[],"class_list":["post-15236","post","type-post","status-publish","format-standard","hentry","category-aktuality","category-parlament"],"_links":{"self":[{"href":"https:\/\/www.gymvr.cz\/skola2\/index.php?rest_route=\/wp\/v2\/posts\/15236","targetHints":{"allow":["GET"]}}],"collection":[{"href":"https:\/\/www.gymvr.cz\/skola2\/index.php?rest_route=\/wp\/v2\/posts"}],"about":[{"href":"https:\/\/www.gymvr.cz\/skola2\/index.php?rest_route=\/wp\/v2\/types\/post"}],"author":[{"embeddable":true,"href":"https:\/\/www.gymvr.cz\/skola2\/index.php?rest_route=\/wp\/v2\/users\/78"}],"replies":[{"embeddable":true,"href":"https:\/\/www.gymvr.cz\/skola2\/index.php?rest_route=%2Fwp%2Fv2%2Fcomments&post=15236"}],"version-history":[{"count":1,"href":"https:\/\/www.gymvr.cz\/skola2\/index.php?rest_route=\/wp\/v2\/posts\/15236\/revisions"}],"predecessor-version":[{"id":15237,"href":"https:\/\/www.gymvr.cz\/skola2\/index.php?rest_route=\/wp\/v2\/posts\/15236\/revisions\/15237"}],"wp:attachment":[{"href":"https:\/\/www.gymvr.cz\/skola2\/index.php?rest_route=%2Fwp%2Fv2%2Fmedia&parent=15236"}],"wp:term":[{"taxonomy":"category","embeddable":true,"href":"https:\/\/www.gymvr.cz\/skola2\/index.php?rest_route=%2Fwp%2Fv2%2Fcategories&post=15236"},{"taxonomy":"post_tag","embeddable":true,"href":"https:\/\/www.gymvr.cz\/skola2\/index.php?rest_route=%2Fwp%2Fv2%2Ftags&post=15236"}],"curies":[{"name":"wp","href":"https:\/\/api.w.org\/{rel}","templated":true}]}}