{"id":15589,"date":"2023-09-24T07:35:26","date_gmt":"2023-09-24T06:35:26","guid":{"rendered":"https:\/\/www.gymvr.cz\/skola2\/?p=15589"},"modified":"2024-01-15T15:32:45","modified_gmt":"2024-01-15T14:32:45","slug":"zapis-ze-1-schuze-spkgvr-2023-24","status":"publish","type":"post","link":"https:\/\/www.gymvr.cz\/skola2\/?p=15589","title":{"rendered":"Z\u00e1pis ze 1. sch\u016fze SPKGVR 2023\/24"},"content":{"rendered":"\r\n<h2 class=\"wp-block-heading\">Doch\u00e1zka:<\/h2>\r\n\r\n\r\n\r\n<p>2.A, 3.A, 8.A, pedagogick\u00fd dozor, deleg\u00e1ti KPMKK &#8211; <strong>nep\u0159\u00edtomni<\/strong><\/p>\r\n\r\n\r\n\r\n<h2 class=\"wp-block-heading\">N\u00e1pl\u0148 sch\u016fze:<\/h2>\r\n\r\n\r\n\r\n<ul class=\"wp-block-list\">\r\n<li>Volba p\u0159edsedy SP\r\n<ul class=\"wp-block-list\">\r\n<li>Kandid\u00e1ti\r\n<ul class=\"wp-block-list\">\r\n<li>Marek \u010cejpa, 6.A\r\n<ul class=\"wp-block-list\">\r\n<li>7 hlas\u016f<\/li>\r\n<\/ul>\r\n<\/li>\r\n\r\n\r\n\r\n<li>Ladislav Pern\u00fd, 6.A\r\n<ul class=\"wp-block-list\">\r\n<li>11 hlas\u016f<\/li>\r\n<\/ul>\r\n<\/li>\r\n<\/ul>\r\n<\/li>\r\n\r\n\r\n\r\n<li>P\u0159edsedou Studentsk\u00e9ho parlamentu byl pro rok 2023\/24 zvolen Ladislav Pern\u00fd, 6.A.<\/li>\r\n<\/ul>\r\n<\/li>\r\n\r\n\r\n\r\n<li>Volba m\u00edstop\u0159edsedy SP\r\n<ul class=\"wp-block-list\">\r\n<li>Kandid\u00e1ti:\r\n<ul class=\"wp-block-list\">\r\n<li>Jakub Vosyka, 2.B\r\n<ul class=\"wp-block-list\">\r\n<li>12 hlas\u016f<\/li>\r\n<\/ul>\r\n<\/li>\r\n<\/ul>\r\n<\/li>\r\n<\/ul>\r\n<\/li>\r\n\r\n\r\n\r\n<li>Volba deleg\u00e1t\u016f do Krajsk\u00e9ho parlamentu ml\u00e1de\u017ee Kr\u00e1lov\u00e9hradeck\u00e9ho kraje, z. s.\r\n<ul class=\"wp-block-list\">\r\n<li>Jakub Vosyka, 2.B (druh\u00fd deleg\u00e1t nebyl zvolen)<\/li>\r\n<\/ul>\r\n<\/li>\r\n<\/ul>\r\n\r\n\r\n\r\n<h2 class=\"wp-block-heading\">Z\u00e1pis v podob\u011b dokumentu:<\/h2>\r\n\r\n\r\n\r\n<div class=\"wp-block-buttons is-layout-flex wp-block-buttons-is-layout-flex\">\r\n<div class=\"wp-block-button is-style-outline is-style-outline--1\"><a class=\"wp-block-button__link has-text-color wp-element-button\" href=\"https:\/\/www.gymvr.cz\/parlament\/wp-content\/uploads\/2023\/09\/zapis-z-1-202324.pdf\" style=\"color:#092763\">St\u00e1hnout<\/a><\/div>\r\n<\/div>\r\n","protected":false},"excerpt":{"rendered":"<p>Doch\u00e1zka: 2.A, 3.A, 8.A, pedagogick\u00fd dozor, deleg\u00e1ti KPMKK &#8211; nep\u0159\u00edtomni N\u00e1pl\u0148 sch\u016fze: Z\u00e1pis v podob\u011b dokumentu:<\/p>\n","protected":false},"author":78,"featured_media":0,"comment_status":"open","ping_status":"open","sticky":false,"template":"","format":"standard","meta":{"ngg_post_thumbnail":0,"footnotes":""},"categories":[1,22],"tags":[],"class_list":["post-15589","post","type-post","status-publish","format-standard","hentry","category-aktuality","category-parlament"],"_links":{"self":[{"href":"https:\/\/www.gymvr.cz\/skola2\/index.php?rest_route=\/wp\/v2\/posts\/15589","targetHints":{"allow":["GET"]}}],"collection":[{"href":"https:\/\/www.gymvr.cz\/skola2\/index.php?rest_route=\/wp\/v2\/posts"}],"about":[{"href":"https:\/\/www.gymvr.cz\/skola2\/index.php?rest_route=\/wp\/v2\/types\/post"}],"author":[{"embeddable":true,"href":"https:\/\/www.gymvr.cz\/skola2\/index.php?rest_route=\/wp\/v2\/users\/78"}],"replies":[{"embeddable":true,"href":"https:\/\/www.gymvr.cz\/skola2\/index.php?rest_route=%2Fwp%2Fv2%2Fcomments&post=15589"}],"version-history":[{"count":1,"href":"https:\/\/www.gymvr.cz\/skola2\/index.php?rest_route=\/wp\/v2\/posts\/15589\/revisions"}],"predecessor-version":[{"id":15590,"href":"https:\/\/www.gymvr.cz\/skola2\/index.php?rest_route=\/wp\/v2\/posts\/15589\/revisions\/15590"}],"wp:attachment":[{"href":"https:\/\/www.gymvr.cz\/skola2\/index.php?rest_route=%2Fwp%2Fv2%2Fmedia&parent=15589"}],"wp:term":[{"taxonomy":"category","embeddable":true,"href":"https:\/\/www.gymvr.cz\/skola2\/index.php?rest_route=%2Fwp%2Fv2%2Fcategories&post=15589"},{"taxonomy":"post_tag","embeddable":true,"href":"https:\/\/www.gymvr.cz\/skola2\/index.php?rest_route=%2Fwp%2Fv2%2Ftags&post=15589"}],"curies":[{"name":"wp","href":"https:\/\/api.w.org\/{rel}","templated":true}]}}