{"id":15701,"date":"2023-10-27T06:04:52","date_gmt":"2023-10-27T05:04:52","guid":{"rendered":"https:\/\/www.gymvr.cz\/skola2\/?p=15701"},"modified":"2023-10-27T06:11:00","modified_gmt":"2023-10-27T05:11:00","slug":"autorske-cteni-s-alici-horackovou","status":"publish","type":"post","link":"https:\/\/www.gymvr.cz\/skola2\/?p=15701","title":{"rendered":"Autorsk\u00e9 \u010dten\u00ed s Alic\u00ed Hor\u00e1\u010dkovou"},"content":{"rendered":"<p>Rozp\u016flen\u00fd d\u016fm &#8211; jedn\u00edm smutn\u00fdm dopisem tento rom\u00e1n za\u010d\u00edn\u00e1, druh\u00fdm, je\u0161t\u011b smutn\u011bj\u0161\u00edm kon\u010d\u00ed&#8230; Mezit\u00edm Krkono\u0161emi prolet\u00ed historie prvn\u00ed poloviny 20. stolet\u00ed. Jak tyto p\u0159evratn\u00e9 ud\u00e1losti ovlivn\u00ed \u017eivot sm\u00ed\u0161en\u00fdch rodin na Benecku? Jak z\u00edskat informace o t\u00e9to dob\u011b? \u010cemu v\u011b\u0159it, \u010demu ne? Jak za\u010d\u00edt ps\u00e1t takov\u00fd rom\u00e1n? A jak se v\u016fbec dostat k tv\u016fr\u010d\u00edmu psan\u00ed jako takov\u00e9mu?<br \/>\nO p\u0159\u00edb\u011bz\u00edch, kter\u00e9 by nem\u011bly b\u00fdt zapomenuty, ale i o mnoh\u00e9m dal\u0161\u00edm jsme si mohli pov\u00eddat s pan\u00ed Alic\u00ed Hor\u00e1\u010dkovou, je\u017e zav\u00edtala k n\u00e1m na gymn\u00e1zium na autorsk\u00e9 \u010dten\u00ed. V\u011b\u0159\u00edme, \u017ee setk\u00e1n\u00ed bylo velmi inspirativn\u00ed.<br \/>\n<img loading=\"lazy\" decoding=\"async\" class=\" wp-image-15704 alignnone\" src=\"https:\/\/www.gymvr.cz\/skola2\/wp-content\/uploads\/2023\/10\/3e9b39b1-df26-48c4-ae28-2162f3bec2b0-300x225.jpg\" alt=\"\" width=\"249\" height=\"190\"><img loading=\"lazy\" decoding=\"async\" class=\"wp-image-15702 alignright\" src=\"https:\/\/www.gymvr.cz\/skola2\/wp-content\/uploads\/2023\/10\/20231025_095300-300x225.jpg\" alt=\"\" width=\"249\" height=\"190\"><\/p>\n","protected":false},"excerpt":{"rendered":"<p>Rozp\u016flen\u00fd d\u016fm &#8211; jedn\u00edm smutn\u00fdm dopisem tento rom\u00e1n za\u010d\u00edn\u00e1, druh\u00fdm, je\u0161t\u011b smutn\u011bj\u0161\u00edm kon\u010d\u00ed&#8230; Mezit\u00edm Krkono\u0161emi prolet\u00ed historie prvn\u00ed poloviny 20. stolet\u00ed. Jak tyto p\u0159evratn\u00e9 ud\u00e1losti ovlivn\u00ed \u017eivot sm\u00ed\u0161en\u00fdch rodin na Benecku? Jak z\u00edskat informace o t\u00e9to dob\u011b? \u010cemu v\u011b\u0159it, \u010demu &hellip; <a href=\"https:\/\/www.gymvr.cz\/skola2\/?p=15701\">Cel\u00fd p\u0159\u00edsp\u011bvek <span class=\"meta-nav\">&rarr;<\/span><\/a><\/p>\n","protected":false},"author":64,"featured_media":0,"comment_status":"open","ping_status":"open","sticky":false,"template":"","format":"standard","meta":{"ngg_post_thumbnail":0,"footnotes":""},"categories":[1],"tags":[],"class_list":["post-15701","post","type-post","status-publish","format-standard","hentry","category-aktuality"],"_links":{"self":[{"href":"https:\/\/www.gymvr.cz\/skola2\/index.php?rest_route=\/wp\/v2\/posts\/15701","targetHints":{"allow":["GET"]}}],"collection":[{"href":"https:\/\/www.gymvr.cz\/skola2\/index.php?rest_route=\/wp\/v2\/posts"}],"about":[{"href":"https:\/\/www.gymvr.cz\/skola2\/index.php?rest_route=\/wp\/v2\/types\/post"}],"author":[{"embeddable":true,"href":"https:\/\/www.gymvr.cz\/skola2\/index.php?rest_route=\/wp\/v2\/users\/64"}],"replies":[{"embeddable":true,"href":"https:\/\/www.gymvr.cz\/skola2\/index.php?rest_route=%2Fwp%2Fv2%2Fcomments&post=15701"}],"version-history":[{"count":6,"href":"https:\/\/www.gymvr.cz\/skola2\/index.php?rest_route=\/wp\/v2\/posts\/15701\/revisions"}],"predecessor-version":[{"id":15711,"href":"https:\/\/www.gymvr.cz\/skola2\/index.php?rest_route=\/wp\/v2\/posts\/15701\/revisions\/15711"}],"wp:attachment":[{"href":"https:\/\/www.gymvr.cz\/skola2\/index.php?rest_route=%2Fwp%2Fv2%2Fmedia&parent=15701"}],"wp:term":[{"taxonomy":"category","embeddable":true,"href":"https:\/\/www.gymvr.cz\/skola2\/index.php?rest_route=%2Fwp%2Fv2%2Fcategories&post=15701"},{"taxonomy":"post_tag","embeddable":true,"href":"https:\/\/www.gymvr.cz\/skola2\/index.php?rest_route=%2Fwp%2Fv2%2Ftags&post=15701"}],"curies":[{"name":"wp","href":"https:\/\/api.w.org\/{rel}","templated":true}]}}