{"id":15774,"date":"2023-11-06T11:07:20","date_gmt":"2023-11-06T10:07:20","guid":{"rendered":"https:\/\/www.gymvr.cz\/skola2\/?p=15774"},"modified":"2023-11-06T11:07:20","modified_gmt":"2023-11-06T10:07:20","slug":"logicka-olympiada-kategorie-b-a-c","status":"publish","type":"post","link":"https:\/\/www.gymvr.cz\/skola2\/?p=15774","title":{"rendered":"Logick\u00e1 olympi\u00e1da &#8211; kategorie B a C"},"content":{"rendered":"<p>Ve dnech 8.\u201314. 10. se konalo z\u00e1kladn\u00ed kolo Logick\u00e9 olympi\u00e1dy pro \u017e\u00e1ky t\u0159\u00edd prima a\u017e kvarta. \u00dasp\u011b\u0161n\u00fdm \u0159e\u0161itelem t\u00e9to kategorie B je&nbsp;<strong>Jakub Ma\u0159as<\/strong>&nbsp;<strong>3.A<\/strong>. Studenti st\u0159edn\u00edch \u0161kol absolvovali \u0161koln\u00ed kolo Logick\u00e9 olympi\u00e1dy v t\u00fddnu 15. \u2013 21. \u0159\u00edjna. V t\u00e9to kategorii C se do krajsk\u00e9ho semifin\u00e1le probojoval&nbsp;<strong>Josef \u0160ediv\u00fd 1.B. <\/strong>V p\u00e1tek 3. 11. se konalo krajsk\u00e9 kolo na Fakult\u011b informatiky a managementu v Hradci Kr\u00e1lov\u00e9. <strong>Jakub Ma\u0159as zv\u00edt\u011bzil <\/strong>a postupuje do celost\u00e1tn\u00edho kola, kter\u00e9 se bude konat v&nbsp;Poslaneck\u00e9 sn\u011bmovn\u011b. V\u0161em \u017e\u00e1k\u016fm, kte\u0159\u00ed se do t\u00e9to sout\u011b\u017ee zapojili, d\u011bkujeme a blahop\u0159ejeme Kubovi a Pepovi k&nbsp;postupu do krajsk\u00e9ho kola. Kubovi p\u0159ejeme hodn\u011b \u0161t\u011bst\u00ed v&nbsp;celost\u00e1tn\u00edm kole.<\/p>\n","protected":false},"excerpt":{"rendered":"<p>Ve dnech 8.\u201314. 10. se konalo z\u00e1kladn\u00ed kolo Logick\u00e9 olympi\u00e1dy pro \u017e\u00e1ky t\u0159\u00edd prima a\u017e kvarta. \u00dasp\u011b\u0161n\u00fdm \u0159e\u0161itelem t\u00e9to kategorie B je&nbsp;Jakub Ma\u0159as&nbsp;3.A. Studenti st\u0159edn\u00edch \u0161kol absolvovali \u0161koln\u00ed kolo Logick\u00e9 olympi\u00e1dy v t\u00fddnu 15. \u2013 21. \u0159\u00edjna. V t\u00e9to kategorii &hellip; <a href=\"https:\/\/www.gymvr.cz\/skola2\/?p=15774\">Cel\u00fd p\u0159\u00edsp\u011bvek <span class=\"meta-nav\">&rarr;<\/span><\/a><\/p>\n","protected":false},"author":63,"featured_media":0,"comment_status":"open","ping_status":"open","sticky":false,"template":"","format":"standard","meta":{"ngg_post_thumbnail":0,"footnotes":""},"categories":[1],"tags":[],"class_list":["post-15774","post","type-post","status-publish","format-standard","hentry","category-aktuality"],"_links":{"self":[{"href":"https:\/\/www.gymvr.cz\/skola2\/index.php?rest_route=\/wp\/v2\/posts\/15774","targetHints":{"allow":["GET"]}}],"collection":[{"href":"https:\/\/www.gymvr.cz\/skola2\/index.php?rest_route=\/wp\/v2\/posts"}],"about":[{"href":"https:\/\/www.gymvr.cz\/skola2\/index.php?rest_route=\/wp\/v2\/types\/post"}],"author":[{"embeddable":true,"href":"https:\/\/www.gymvr.cz\/skola2\/index.php?rest_route=\/wp\/v2\/users\/63"}],"replies":[{"embeddable":true,"href":"https:\/\/www.gymvr.cz\/skola2\/index.php?rest_route=%2Fwp%2Fv2%2Fcomments&post=15774"}],"version-history":[{"count":1,"href":"https:\/\/www.gymvr.cz\/skola2\/index.php?rest_route=\/wp\/v2\/posts\/15774\/revisions"}],"predecessor-version":[{"id":15775,"href":"https:\/\/www.gymvr.cz\/skola2\/index.php?rest_route=\/wp\/v2\/posts\/15774\/revisions\/15775"}],"wp:attachment":[{"href":"https:\/\/www.gymvr.cz\/skola2\/index.php?rest_route=%2Fwp%2Fv2%2Fmedia&parent=15774"}],"wp:term":[{"taxonomy":"category","embeddable":true,"href":"https:\/\/www.gymvr.cz\/skola2\/index.php?rest_route=%2Fwp%2Fv2%2Fcategories&post=15774"},{"taxonomy":"post_tag","embeddable":true,"href":"https:\/\/www.gymvr.cz\/skola2\/index.php?rest_route=%2Fwp%2Fv2%2Ftags&post=15774"}],"curies":[{"name":"wp","href":"https:\/\/api.w.org\/{rel}","templated":true}]}}