{"id":15893,"date":"2023-11-13T22:28:02","date_gmt":"2023-11-13T21:28:02","guid":{"rendered":"https:\/\/www.gymvr.cz\/skola2\/?p=15893"},"modified":"2023-11-13T22:34:19","modified_gmt":"2023-11-13T21:34:19","slug":"nejlepsi-klokani-v-okrese","status":"publish","type":"post","link":"https:\/\/www.gymvr.cz\/skola2\/?p=15893","title":{"rendered":"Nejlep\u0161\u00ed klokani v okrese"},"content":{"rendered":"<p><img loading=\"lazy\" decoding=\"async\" class=\"alignleft size-thumbnail wp-image-15655\" src=\"https:\/\/www.gymvr.cz\/skola2\/wp-content\/uploads\/2023\/10\/klokan-150x150.jpg\" alt=\"\" width=\"150\" height=\"150\" srcset=\"https:\/\/www.gymvr.cz\/skola2\/wp-content\/uploads\/2023\/10\/klokan-150x150.jpg 150w, https:\/\/www.gymvr.cz\/skola2\/wp-content\/uploads\/2023\/10\/klokan-300x300.jpg 300w, https:\/\/www.gymvr.cz\/skola2\/wp-content\/uploads\/2023\/10\/klokan-644x644.jpg 644w, https:\/\/www.gymvr.cz\/skola2\/wp-content\/uploads\/2023\/10\/klokan-768x768.jpg 768w, https:\/\/www.gymvr.cz\/skola2\/wp-content\/uploads\/2023\/10\/klokan.jpg 900w\" sizes=\"auto, (max-width: 150px) 100vw, 150px\" \/>V sout\u011b\u017ei P\u0159\u00edrodov\u011bdn\u00fd klokan 23 obsadili na\u0161i studenti Pepa \u0160ediv\u00fd, Sylvie Algerov\u00e1 a Ad\u00e9la Musilov\u00e1 prvn\u00ed t\u0159i m\u00edsta v okrese Trutnov v kategorii junior. Gratulujeme!<\/p>\n<p><a href=\"https:\/\/www.gymvr.cz\/skola2\/wp-content\/uploads\/2023\/11\/Prirod-Klokan-23-Kralovehradecky-kraj-2.xls\">V\u00fdsledky naleznete zde: &nbsp; &nbsp; &nbsp; &nbsp; &nbsp; &nbsp; &nbsp; &nbsp; &nbsp; &nbsp; &nbsp; &nbsp; &nbsp; &nbsp; &nbsp; &nbsp; &nbsp; &nbsp; &nbsp; &nbsp; &nbsp; &nbsp; &nbsp; <\/a><a href=\"https:\/\/www.gymvr.cz\/skola2\/wp-content\/uploads\/2023\/11\/Prirod-Klokan-23-Kralovehradecky-kraj-2.xls\">P\u0159\u00edrod Klokan 23 &#8211; Kr\u00e1lov\u00e9hradeck\u00fd kraj<\/a><\/p>\n","protected":false},"excerpt":{"rendered":"<p>V sout\u011b\u017ei P\u0159\u00edrodov\u011bdn\u00fd klokan 23 obsadili na\u0161i studenti Pepa \u0160ediv\u00fd, Sylvie Algerov\u00e1 a Ad\u00e9la Musilov\u00e1 prvn\u00ed t\u0159i m\u00edsta v okrese Trutnov v kategorii junior. Gratulujeme! V\u00fdsledky naleznete zde: &nbsp; &nbsp; &nbsp; &nbsp; &nbsp; &nbsp; &nbsp; &nbsp; &nbsp; &nbsp; &nbsp; &nbsp; &hellip; <a href=\"https:\/\/www.gymvr.cz\/skola2\/?p=15893\">Cel\u00fd p\u0159\u00edsp\u011bvek <span class=\"meta-nav\">&rarr;<\/span><\/a><\/p>\n","protected":false},"author":31,"featured_media":0,"comment_status":"open","ping_status":"open","sticky":false,"template":"","format":"standard","meta":{"ngg_post_thumbnail":0,"footnotes":""},"categories":[1,35,38,41,44,50,30],"tags":[],"class_list":["post-15893","post","type-post","status-publish","format-standard","hentry","category-aktuality","category-biologie","category-chemie","category-enviromentalni-vychova","category-fyzika","category-olympiady-a-souteze","category-zemepis"],"_links":{"self":[{"href":"https:\/\/www.gymvr.cz\/skola2\/index.php?rest_route=\/wp\/v2\/posts\/15893","targetHints":{"allow":["GET"]}}],"collection":[{"href":"https:\/\/www.gymvr.cz\/skola2\/index.php?rest_route=\/wp\/v2\/posts"}],"about":[{"href":"https:\/\/www.gymvr.cz\/skola2\/index.php?rest_route=\/wp\/v2\/types\/post"}],"author":[{"embeddable":true,"href":"https:\/\/www.gymvr.cz\/skola2\/index.php?rest_route=\/wp\/v2\/users\/31"}],"replies":[{"embeddable":true,"href":"https:\/\/www.gymvr.cz\/skola2\/index.php?rest_route=%2Fwp%2Fv2%2Fcomments&post=15893"}],"version-history":[{"count":5,"href":"https:\/\/www.gymvr.cz\/skola2\/index.php?rest_route=\/wp\/v2\/posts\/15893\/revisions"}],"predecessor-version":[{"id":15901,"href":"https:\/\/www.gymvr.cz\/skola2\/index.php?rest_route=\/wp\/v2\/posts\/15893\/revisions\/15901"}],"wp:attachment":[{"href":"https:\/\/www.gymvr.cz\/skola2\/index.php?rest_route=%2Fwp%2Fv2%2Fmedia&parent=15893"}],"wp:term":[{"taxonomy":"category","embeddable":true,"href":"https:\/\/www.gymvr.cz\/skola2\/index.php?rest_route=%2Fwp%2Fv2%2Fcategories&post=15893"},{"taxonomy":"post_tag","embeddable":true,"href":"https:\/\/www.gymvr.cz\/skola2\/index.php?rest_route=%2Fwp%2Fv2%2Ftags&post=15893"}],"curies":[{"name":"wp","href":"https:\/\/api.w.org\/{rel}","templated":true}]}}