{"id":15964,"date":"2023-11-30T21:47:32","date_gmt":"2023-11-30T20:47:32","guid":{"rendered":"https:\/\/www.gymvr.cz\/skola2\/?p=15964"},"modified":"2023-11-30T21:48:56","modified_gmt":"2023-11-30T20:48:56","slug":"ilustory-pro-rok-2023-zna-sve-viteze","status":"publish","type":"post","link":"https:\/\/www.gymvr.cz\/skola2\/?p=15964","title":{"rendered":"Ilustory pro rok 2023 zn\u00e1 sv\u00e9 v\u00edt\u011bze!"},"content":{"rendered":"<p><img loading=\"lazy\" decoding=\"async\" class=\"alignright size-medium wp-image-15965\" src=\"https:\/\/www.gymvr.cz\/skola2\/wp-content\/uploads\/2023\/11\/Ilustory-151x300.png\" alt=\"\" width=\"151\" height=\"300\" srcset=\"https:\/\/www.gymvr.cz\/skola2\/wp-content\/uploads\/2023\/11\/Ilustory-151x300.png 151w, https:\/\/www.gymvr.cz\/skola2\/wp-content\/uploads\/2023\/11\/Ilustory-325x644.png 325w, https:\/\/www.gymvr.cz\/skola2\/wp-content\/uploads\/2023\/11\/Ilustory.png 768w\" sizes=\"auto, (max-width: 151px) 100vw, 151px\" \/>Stejn\u011b jako v&nbsp;lo\u0148sk\u00e9m roce se na\u0161i studenti i v&nbsp;tom leto\u0161n\u00edm zapojili do liter\u00e1rn\u00ed sout\u011b\u017ee vyhla\u0161ovan\u00e9 Knihovnou Akademie v\u011bd \u010cR. Po\u0159adatel\u00e9 op\u011bt vybrali zaj\u00edmavou ilustraci, na jej\u00ed\u017e motivy \u201emlad\u00ed spisovatel\u00e9\u201c napsali sv\u00e9 pov\u00eddky. Do fin\u00e1lov\u00e9 \u0161estky proklouzli dokonce dva na\u0161i studenti, a to <strong>Eli\u0161ka \u010civrn\u00e1<\/strong> a <strong>\u0160imon \u0160afa\u0159\u00edk<\/strong>. <strong>\u0160imon<\/strong> si nakonec odnesl i pomyslnou bronzovou medaili, jeliko\u017e jeho pov\u00eddka <em>Pomsta z&nbsp;nev\u011bdom\u00ed<\/em> se um\u00edstila na&nbsp;<strong>t\u0159et\u00edm m\u00edst\u011b<\/strong>.<\/p>\n<p>Gratulujeme a t\u011b\u0161\u00edme se na va\u0161e dal\u0161\u00ed liter\u00e1rn\u00ed kr\u016f\u010dky!<\/p>\n","protected":false},"excerpt":{"rendered":"<p>Stejn\u011b jako v&nbsp;lo\u0148sk\u00e9m roce se na\u0161i studenti i v&nbsp;tom leto\u0161n\u00edm zapojili do liter\u00e1rn\u00ed sout\u011b\u017ee vyhla\u0161ovan\u00e9 Knihovnou Akademie v\u011bd \u010cR. Po\u0159adatel\u00e9 op\u011bt vybrali zaj\u00edmavou ilustraci, na jej\u00ed\u017e motivy \u201emlad\u00ed spisovatel\u00e9\u201c napsali sv\u00e9 pov\u00eddky. Do fin\u00e1lov\u00e9 \u0161estky proklouzli dokonce dva na\u0161i studenti, &hellip; <a href=\"https:\/\/www.gymvr.cz\/skola2\/?p=15964\">Cel\u00fd p\u0159\u00edsp\u011bvek <span class=\"meta-nav\">&rarr;<\/span><\/a><\/p>\n","protected":false},"author":64,"featured_media":0,"comment_status":"open","ping_status":"open","sticky":false,"template":"","format":"standard","meta":{"ngg_post_thumbnail":0,"footnotes":""},"categories":[1],"tags":[],"class_list":["post-15964","post","type-post","status-publish","format-standard","hentry","category-aktuality"],"_links":{"self":[{"href":"https:\/\/www.gymvr.cz\/skola2\/index.php?rest_route=\/wp\/v2\/posts\/15964","targetHints":{"allow":["GET"]}}],"collection":[{"href":"https:\/\/www.gymvr.cz\/skola2\/index.php?rest_route=\/wp\/v2\/posts"}],"about":[{"href":"https:\/\/www.gymvr.cz\/skola2\/index.php?rest_route=\/wp\/v2\/types\/post"}],"author":[{"embeddable":true,"href":"https:\/\/www.gymvr.cz\/skola2\/index.php?rest_route=\/wp\/v2\/users\/64"}],"replies":[{"embeddable":true,"href":"https:\/\/www.gymvr.cz\/skola2\/index.php?rest_route=%2Fwp%2Fv2%2Fcomments&post=15964"}],"version-history":[{"count":4,"href":"https:\/\/www.gymvr.cz\/skola2\/index.php?rest_route=\/wp\/v2\/posts\/15964\/revisions"}],"predecessor-version":[{"id":15969,"href":"https:\/\/www.gymvr.cz\/skola2\/index.php?rest_route=\/wp\/v2\/posts\/15964\/revisions\/15969"}],"wp:attachment":[{"href":"https:\/\/www.gymvr.cz\/skola2\/index.php?rest_route=%2Fwp%2Fv2%2Fmedia&parent=15964"}],"wp:term":[{"taxonomy":"category","embeddable":true,"href":"https:\/\/www.gymvr.cz\/skola2\/index.php?rest_route=%2Fwp%2Fv2%2Fcategories&post=15964"},{"taxonomy":"post_tag","embeddable":true,"href":"https:\/\/www.gymvr.cz\/skola2\/index.php?rest_route=%2Fwp%2Fv2%2Ftags&post=15964"}],"curies":[{"name":"wp","href":"https:\/\/api.w.org\/{rel}","templated":true}]}}