{"id":16794,"date":"2024-02-27T23:30:19","date_gmt":"2024-02-27T22:30:19","guid":{"rendered":"https:\/\/www.gymvr.cz\/skola2\/?p=16794"},"modified":"2024-03-02T15:46:49","modified_gmt":"2024-03-02T14:46:49","slug":"okresni-kolo-zemepisne-olympiady-2024","status":"publish","type":"post","link":"https:\/\/www.gymvr.cz\/skola2\/?p=16794","title":{"rendered":"Okresn\u00ed kolo Zem\u011bpisn\u00e9 olympi\u00e1dy 2024"},"content":{"rendered":"<p><img loading=\"lazy\" decoding=\"async\" class=\"alignnone size-large wp-image-16795\" src=\"https:\/\/www.gymvr.cz\/skola2\/wp-content\/uploads\/2024\/02\/banner4g-644x116.jpg\" alt=\"\" width=\"584\" height=\"105\" srcset=\"https:\/\/www.gymvr.cz\/skola2\/wp-content\/uploads\/2024\/02\/banner4g-644x116.jpg 644w, https:\/\/www.gymvr.cz\/skola2\/wp-content\/uploads\/2024\/02\/banner4g-300x54.jpg 300w, https:\/\/www.gymvr.cz\/skola2\/wp-content\/uploads\/2024\/02\/banner4g-768x138.jpg 768w, https:\/\/www.gymvr.cz\/skola2\/wp-content\/uploads\/2024\/02\/banner4g-500x90.jpg 500w, https:\/\/www.gymvr.cz\/skola2\/wp-content\/uploads\/2024\/02\/banner4g.jpg 1000w\" sizes=\"auto, (max-width: 584px) 100vw, 584px\" \/><\/p>\n<p style=\"text-align: justify;\">V minul\u00e9m t\u00fddnu se na Gymn\u00e1ziu ve Dvo\u0159e Kr\u00e1lov\u00e9 nad Labem konalo okresn\u00ed kolo Zem\u011bpisn\u00e9 olympi\u00e1dy 2024. Na\u0161e gymn\u00e1zium reprezentovalo sedm \u00fasp\u011b\u0161n\u00fdch \u0159e\u0161itel\u016f \u0161koln\u00edho kola.<\/p>\n<p style=\"text-align: justify;\">Nejv\u011bt\u0161\u00edho \u00fasp\u011bchu dos\u00e1hl v kategorii B <strong>Vladim\u00edr Kutlva\u0161r, <\/strong>kter\u00fd v okresn\u00edm kole<strong> zv\u00edt\u011bzil<\/strong>. Na <strong>t\u0159et\u00edm m\u00edst\u011b<\/strong> ho ve stejn\u00e9 kategorii doplnil <strong>Vojt\u011bch Nov\u00e1k (oba 2. A)<\/strong>. V kategorii D byl na 4. m\u00edst\u011b <strong>Vladim\u00edr Ma\u0161evsk\u00fd<\/strong>.<\/p>\n<p style=\"text-align: justify;\">V\u0161em student\u016fm gratulujeme a p\u0159ejeme mnoho \u00fasp\u011bch\u016f v krajsk\u00e9m kole.&nbsp; &nbsp;<\/p>\n","protected":false},"excerpt":{"rendered":"<p>V minul\u00e9m t\u00fddnu se na Gymn\u00e1ziu ve Dvo\u0159e Kr\u00e1lov\u00e9 nad Labem konalo okresn\u00ed kolo Zem\u011bpisn\u00e9 olympi\u00e1dy 2024. Na\u0161e gymn\u00e1zium reprezentovalo sedm \u00fasp\u011b\u0161n\u00fdch \u0159e\u0161itel\u016f \u0161koln\u00edho kola. Nejv\u011bt\u0161\u00edho \u00fasp\u011bchu dos\u00e1hl v kategorii B Vladim\u00edr Kutlva\u0161r, kter\u00fd v okresn\u00edm kole zv\u00edt\u011bzil. Na t\u0159et\u00edm &hellip; <a href=\"https:\/\/www.gymvr.cz\/skola2\/?p=16794\">Cel\u00fd p\u0159\u00edsp\u011bvek <span class=\"meta-nav\">&rarr;<\/span><\/a><\/p>\n","protected":false},"author":66,"featured_media":0,"comment_status":"open","ping_status":"open","sticky":false,"template":"","format":"standard","meta":{"ngg_post_thumbnail":0,"footnotes":""},"categories":[1,50,21,62,30],"tags":[],"class_list":["post-16794","post","type-post","status-publish","format-standard","hentry","category-aktuality","category-olympiady-a-souteze","category-predmety","category-uspechy","category-zemepis"],"_links":{"self":[{"href":"https:\/\/www.gymvr.cz\/skola2\/index.php?rest_route=\/wp\/v2\/posts\/16794","targetHints":{"allow":["GET"]}}],"collection":[{"href":"https:\/\/www.gymvr.cz\/skola2\/index.php?rest_route=\/wp\/v2\/posts"}],"about":[{"href":"https:\/\/www.gymvr.cz\/skola2\/index.php?rest_route=\/wp\/v2\/types\/post"}],"author":[{"embeddable":true,"href":"https:\/\/www.gymvr.cz\/skola2\/index.php?rest_route=\/wp\/v2\/users\/66"}],"replies":[{"embeddable":true,"href":"https:\/\/www.gymvr.cz\/skola2\/index.php?rest_route=%2Fwp%2Fv2%2Fcomments&post=16794"}],"version-history":[{"count":2,"href":"https:\/\/www.gymvr.cz\/skola2\/index.php?rest_route=\/wp\/v2\/posts\/16794\/revisions"}],"predecessor-version":[{"id":16802,"href":"https:\/\/www.gymvr.cz\/skola2\/index.php?rest_route=\/wp\/v2\/posts\/16794\/revisions\/16802"}],"wp:attachment":[{"href":"https:\/\/www.gymvr.cz\/skola2\/index.php?rest_route=%2Fwp%2Fv2%2Fmedia&parent=16794"}],"wp:term":[{"taxonomy":"category","embeddable":true,"href":"https:\/\/www.gymvr.cz\/skola2\/index.php?rest_route=%2Fwp%2Fv2%2Fcategories&post=16794"},{"taxonomy":"post_tag","embeddable":true,"href":"https:\/\/www.gymvr.cz\/skola2\/index.php?rest_route=%2Fwp%2Fv2%2Ftags&post=16794"}],"curies":[{"name":"wp","href":"https:\/\/api.w.org\/{rel}","templated":true}]}}