{"id":17378,"date":"2024-05-29T17:51:19","date_gmt":"2024-05-29T16:51:19","guid":{"rendered":"https:\/\/www.gymvr.cz\/skola2\/?p=17378"},"modified":"2024-05-31T06:37:16","modified_gmt":"2024-05-31T05:37:16","slug":"st-marienthal-3","status":"publish","type":"post","link":"https:\/\/www.gymvr.cz\/skola2\/?p=17378","title":{"rendered":"St. Marienthal"},"content":{"rendered":"\r\n<p>Mil\u00ed studenti a studentky,<\/p>\r\n<p>v\u010dera p\u0159i\u0161la mil\u00e1 zpr\u00e1va o kon\u00e1n\u00ed dvou semin\u00e1\u0159\u016f v p\u0159ekr\u00e1sn\u00e9m prost\u0159ed\u00ed kl\u00e1\u0161tera v <strong>St. Marienthal<\/strong>. \u00da\u010dastnick\u00fd poplatek je 100,- euro za ubytov\u00e1n\u00ed, stravu a jednodenn\u00ed v\u00fdlet.<br><strong>22. &#8211; 29.9.<\/strong> se kon\u00e1<span style=\"color: #ff00ff;\"><strong> interreligious seminar<\/strong><\/span> a garantem jsem j\u00e1 &#8211; pros\u00edm p\u0159\u00edpadn\u00e9 z\u00e1jemce, aby se u m\u011b hl\u00e1sili <strong>do 10.6.2024<\/strong>. Prezentaci na\u0161\u00ed \u0161koly a Vrchlab\u00ed budeme p\u0159ipravovat hned na za\u010d\u00e1tku z\u00e1\u0159\u00ed, kdy bude jasn\u00e9 t\u00e9ma.<br><strong>10. &#8211; 17.11.<\/strong> se kon\u00e1 <span style=\"color: #0000ff;\"><strong>intercultural seminar<\/strong> <\/span>a garantem je kolegyn\u011b Mach\u00e1\u010dkov\u00e1. P\u0159\u00edpadn\u00ed z\u00e1jemci se mohou hl\u00e1sit u n\u00ed <strong>do 30.6.2024.<\/strong><br>Mus\u00edme odeslat n\u011bjak\u00e9 informace o \u00fa\u010dastn\u00edc\u00edch do konce \u0161koln\u00edho roku.<br>P\u0159edpokl\u00e1d\u00e1m, \u017ee mnoho z v\u00e1s m\u00e1 z\u00e1jem potk\u00e1vat jin\u00e9 studenty z Evropy a procvi\u010dit si sv\u00e9 jazykov\u00e9 znalosti.<br>\u00da\u010dastn\u00edky mohou b\u00fdt zat\u00edm <strong>pouze studenti vy\u0161\u0161\u00edho G.<\/strong><\/p>\r\n","protected":false},"excerpt":{"rendered":"<p>Mil\u00ed studenti a studentky, v\u010dera p\u0159i\u0161la mil\u00e1 zpr\u00e1va o kon\u00e1n\u00ed dvou semin\u00e1\u0159\u016f v p\u0159ekr\u00e1sn\u00e9m prost\u0159ed\u00ed kl\u00e1\u0161tera v St. Marienthal. \u00da\u010dastnick\u00fd poplatek je 100,- euro za ubytov\u00e1n\u00ed, stravu a jednodenn\u00ed v\u00fdlet.22. &#8211; 29.9. se kon\u00e1 interreligious seminar a garantem jsem j\u00e1 &hellip; <a href=\"https:\/\/www.gymvr.cz\/skola2\/?p=17378\">Cel\u00fd p\u0159\u00edsp\u011bvek <span class=\"meta-nav\">&rarr;<\/span><\/a><\/p>\n","protected":false},"author":39,"featured_media":0,"comment_status":"open","ping_status":"open","sticky":false,"template":"","format":"standard","meta":{"ngg_post_thumbnail":0,"footnotes":""},"categories":[1],"tags":[],"class_list":["post-17378","post","type-post","status-publish","format-standard","hentry","category-aktuality"],"_links":{"self":[{"href":"https:\/\/www.gymvr.cz\/skola2\/index.php?rest_route=\/wp\/v2\/posts\/17378","targetHints":{"allow":["GET"]}}],"collection":[{"href":"https:\/\/www.gymvr.cz\/skola2\/index.php?rest_route=\/wp\/v2\/posts"}],"about":[{"href":"https:\/\/www.gymvr.cz\/skola2\/index.php?rest_route=\/wp\/v2\/types\/post"}],"author":[{"embeddable":true,"href":"https:\/\/www.gymvr.cz\/skola2\/index.php?rest_route=\/wp\/v2\/users\/39"}],"replies":[{"embeddable":true,"href":"https:\/\/www.gymvr.cz\/skola2\/index.php?rest_route=%2Fwp%2Fv2%2Fcomments&post=17378"}],"version-history":[{"count":4,"href":"https:\/\/www.gymvr.cz\/skola2\/index.php?rest_route=\/wp\/v2\/posts\/17378\/revisions"}],"predecessor-version":[{"id":17387,"href":"https:\/\/www.gymvr.cz\/skola2\/index.php?rest_route=\/wp\/v2\/posts\/17378\/revisions\/17387"}],"wp:attachment":[{"href":"https:\/\/www.gymvr.cz\/skola2\/index.php?rest_route=%2Fwp%2Fv2%2Fmedia&parent=17378"}],"wp:term":[{"taxonomy":"category","embeddable":true,"href":"https:\/\/www.gymvr.cz\/skola2\/index.php?rest_route=%2Fwp%2Fv2%2Fcategories&post=17378"},{"taxonomy":"post_tag","embeddable":true,"href":"https:\/\/www.gymvr.cz\/skola2\/index.php?rest_route=%2Fwp%2Fv2%2Ftags&post=17378"}],"curies":[{"name":"wp","href":"https:\/\/api.w.org\/{rel}","templated":true}]}}