{"id":18938,"date":"2025-04-01T07:23:21","date_gmt":"2025-04-01T06:23:21","guid":{"rendered":"https:\/\/www.gymvr.cz\/skola2\/?p=18938"},"modified":"2025-03-31T21:14:35","modified_gmt":"2025-03-31T20:14:35","slug":"nase-studentky-boduji-na-27-narodni-konferenci-eyp","status":"publish","type":"post","link":"https:\/\/www.gymvr.cz\/skola2\/?p=18938","title":{"rendered":"Na\u0161e studentky boduj\u00ed na 27. n\u00e1rodn\u00ed konferenci EYP"},"content":{"rendered":"<p><a href=\"https:\/\/www.gymvr.cz\/skola2\/wp-content\/uploads\/2025\/03\/EYP-Liberec-2025-Eliska.jpg\"><img loading=\"lazy\" decoding=\"async\" class=\" wp-image-18939 alignleft\" src=\"https:\/\/www.gymvr.cz\/skola2\/wp-content\/uploads\/2025\/03\/EYP-Liberec-2025-Eliska.jpg\" alt=\"\" width=\"195\" height=\"234\"><\/a>Od \u010dtvrtka do ned\u011ble (27.-30. b\u0159ezna) se na\u0161e dv\u011b studentky <strong>Eli\u0161ka \u010civrn\u00e1 (5. A) a Johanka Cup\u00e1kov\u00e1 (6. A)<\/strong> aktivn\u011b zapojuj\u00ed do pr\u00e1ce ve v\u00fdborech na <a href=\"https:\/\/eyp.cz\/en\/events\/lib25\/\"><strong>27. n\u00e1rodn\u00ed konferenci Evropsk\u00e9ho parlamentu ml\u00e1de\u017ee (EYP) v Liberci<\/strong><\/a>. Ve sv\u00fdch v\u00fdborech analyzuj\u00ed aktu\u00e1ln\u00ed probl\u00e9my, hledaj\u00ed mo\u017en\u00e1 \u0159e\u0161en\u00ed a p\u0159ipravuj\u00ed stanoviska, kter\u00e1 budou v ned\u011bli obhajovat na Valn\u00e9m shrom\u00e1\u017ed\u011bn\u00ed \u2013 a to v\u0161e v anglick\u00e9m jazyce!<!--more--><\/p>\n<p>Eli\u0161ka pracuje ve V\u00fdboru pro pr\u00e1va \u017een a rovnost pohlav\u00ed (FEMM), kter\u00fd se zab\u00fdv\u00e1 ot\u00e1zkou sexu\u00e1ln\u00edho vyko\u0159is\u0165ov\u00e1n\u00ed \u017een v digit\u00e1ln\u00edm prostoru a mo\u017en\u00fdmi opat\u0159en\u00edmi EU v r\u00e1mci Aktu o digit\u00e1ln\u00edch slu\u017eb\u00e1ch. Johanka je sou\u010d\u00e1st\u00ed Podv\u00fdboru pro ve\u0159ejn\u00e9 zdrav\u00ed (SANT I), kde se \u0159e\u0161\u00ed p\u0159ipravenost evropsk\u00fdch zdravotnick\u00fdch syst\u00e9m\u016f na budouc\u00ed pandemie.<a href=\"https:\/\/www.gymvr.cz\/skola2\/wp-content\/uploads\/2025\/03\/EYP-Liberec-2025-Johanka-scaled.jpg\"><img loading=\"lazy\" decoding=\"async\" class=\"alignright wp-image-18940\" src=\"https:\/\/www.gymvr.cz\/skola2\/wp-content\/uploads\/2025\/03\/EYP-Liberec-2025-Johanka-scaled.jpg\" alt=\"\" width=\"425\" height=\"243\"><\/a><\/p>\n<p>Na\u0161e \u0161kola se do EYP zapojila teprve v \u0159\u00edjnu 2024, kdy jsme uspo\u0159\u00e1dali <a href=\"https:\/\/www.gymvr.cz\/skola2\/?p=18308\">prvn\u00ed EYP den<\/a>. N\u00e1sledn\u011b byly t\u0159i na\u0161e studentky vybr\u00e1ny na <a href=\"https:\/\/eyp.cz\/en\/events\/lit24\/\">region\u00e1ln\u00ed konferenci v Litom\u011b\u0159ic\u00edch (8.-10. listopadu 2024)<\/a> \u2013 v\u0161echny t\u0159i postoupily a\u017e na n\u00e1rodn\u00ed \u00farove\u0148! Za tento mimo\u0159\u00e1dn\u00fd \u00fasp\u011bch jsme byli pochv\u00e1leni, proto\u017ee jen m\u00e1lokter\u00e9 \u0161kole se poda\u0159\u00ed hned napoprv\u00e9 dostat sv\u00e9 deleg\u00e1ty tak daleko.<\/p>\n<p>D\u011bkujeme Eli\u0161ce a Johance za vzornou reprezentaci \u0161koly, dr\u017e\u00edme jim palce i do budoucna a p\u0159ejeme mnoho nov\u00fdch z\u00e1\u017eitk\u016f \u2013 t\u0159eba i z mezin\u00e1rodn\u00edch konferenc\u00ed!<\/p>\n<p>Karol\u00edna \u010civrn\u00e1<\/p>\n","protected":false},"excerpt":{"rendered":"<p>Od \u010dtvrtka do ned\u011ble (27.-30. b\u0159ezna) se na\u0161e dv\u011b studentky Eli\u0161ka \u010civrn\u00e1 (5. A) a Johanka Cup\u00e1kov\u00e1 (6. A) aktivn\u011b zapojuj\u00ed do pr\u00e1ce ve v\u00fdborech na 27. n\u00e1rodn\u00ed konferenci Evropsk\u00e9ho parlamentu ml\u00e1de\u017ee (EYP) v Liberci. Ve sv\u00fdch v\u00fdborech analyzuj\u00ed aktu\u00e1ln\u00ed &hellip; <a href=\"https:\/\/www.gymvr.cz\/skola2\/?p=18938\">Cel\u00fd p\u0159\u00edsp\u011bvek <span class=\"meta-nav\">&rarr;<\/span><\/a><\/p>\n","protected":false},"author":53,"featured_media":0,"comment_status":"open","ping_status":"open","sticky":false,"template":"","format":"standard","meta":{"ngg_post_thumbnail":0,"footnotes":""},"categories":[1],"tags":[],"class_list":["post-18938","post","type-post","status-publish","format-standard","hentry","category-aktuality"],"_links":{"self":[{"href":"https:\/\/www.gymvr.cz\/skola2\/index.php?rest_route=\/wp\/v2\/posts\/18938","targetHints":{"allow":["GET"]}}],"collection":[{"href":"https:\/\/www.gymvr.cz\/skola2\/index.php?rest_route=\/wp\/v2\/posts"}],"about":[{"href":"https:\/\/www.gymvr.cz\/skola2\/index.php?rest_route=\/wp\/v2\/types\/post"}],"author":[{"embeddable":true,"href":"https:\/\/www.gymvr.cz\/skola2\/index.php?rest_route=\/wp\/v2\/users\/53"}],"replies":[{"embeddable":true,"href":"https:\/\/www.gymvr.cz\/skola2\/index.php?rest_route=%2Fwp%2Fv2%2Fcomments&post=18938"}],"version-history":[{"count":4,"href":"https:\/\/www.gymvr.cz\/skola2\/index.php?rest_route=\/wp\/v2\/posts\/18938\/revisions"}],"predecessor-version":[{"id":18944,"href":"https:\/\/www.gymvr.cz\/skola2\/index.php?rest_route=\/wp\/v2\/posts\/18938\/revisions\/18944"}],"wp:attachment":[{"href":"https:\/\/www.gymvr.cz\/skola2\/index.php?rest_route=%2Fwp%2Fv2%2Fmedia&parent=18938"}],"wp:term":[{"taxonomy":"category","embeddable":true,"href":"https:\/\/www.gymvr.cz\/skola2\/index.php?rest_route=%2Fwp%2Fv2%2Fcategories&post=18938"},{"taxonomy":"post_tag","embeddable":true,"href":"https:\/\/www.gymvr.cz\/skola2\/index.php?rest_route=%2Fwp%2Fv2%2Ftags&post=18938"}],"curies":[{"name":"wp","href":"https:\/\/api.w.org\/{rel}","templated":true}]}}