{"id":19550,"date":"2025-09-09T11:34:22","date_gmt":"2025-09-09T10:34:22","guid":{"rendered":"https:\/\/www.gymvr.cz\/skola2\/?p=19550"},"modified":"2025-09-09T11:34:22","modified_gmt":"2025-09-09T10:34:22","slug":"eliska-civrna-se-ucastnila-konferenci-eyp-v-bonnu-a-krakove","status":"publish","type":"post","link":"https:\/\/www.gymvr.cz\/skola2\/?p=19550","title":{"rendered":"Eli\u0161ka \u010civrn\u00e1 se \u00fa\u010dastnila konferenc\u00ed EYP v Bonnu a Krakov\u011b"},"content":{"rendered":"<p><strong><a style=\"text-decoration-line: underline;\" href=\"https:\/\/www.gymvr.cz\/skola2\/wp-content\/uploads\/2025\/09\/EC_EYP_Bonn.jpg\"><img loading=\"lazy\" decoding=\"async\" class=\" wp-image-19551 alignleft\" style=\"border-color: #bbbbbb; background: #eeeeee;\" src=\"https:\/\/www.gymvr.cz\/skola2\/wp-content\/uploads\/2025\/09\/EC_EYP_Bonn.jpg\" alt=\"\" width=\"373\" height=\"253\"><\/a><\/strong><\/p>\n<p>V p\u016flce srpna reprezentovala na\u0161i \u0161kolu <strong>Eli\u0161ka \u010civrn\u00e1<\/strong> (6.A) na mezin\u00e1rodn\u00ed konferenci <strong>Evropsk\u00e9ho parlamentu ml\u00e1de\u017ee (EYP)<\/strong> v n\u011bmeck\u00e9m Bonnu.<!--more--><\/p>\n<p>Eli\u0161ka pracovala ve <strong>v\u00fdboru pro \u017eivotn\u00ed p<\/strong><strong>rost\u0159ed\u00ed, ve\u0159ejn\u00e9 zdrav\u00ed a bezpe\u010dnost potravin (ENVI)<\/strong>, kde se spole\u010dn\u011b s vrstevn\u00edky z r\u016fzn\u00fdch evropsk\u00fdch zem\u00ed v\u011bnovala aktu\u00e1ln\u00edmu t\u00e9matu <strong>rovnosti v medic\u00ednsk\u00e9m v\u00fdzkumu a zdravotn\u00ed p\u00e9\u010di<\/strong>. C\u00edlem jejich pr\u00e1ce bylo navrhnout \u0159e\u0161en\u00ed, jak zajistit, aby zdravotnick\u00fd v\u00fdzkum i klinick\u00e9 studie zohled\u0148ovaly nejen mu\u017ee, ale tak\u00e9 \u017eeny, men\u0161iny a dal\u0161\u00ed dosud opom\u00edjen\u00e9 skupiny. V\u00fdbor p\u0159ipravil <strong>n\u00e1vrh rezoluce<\/strong>, kter\u00fd byl n\u00e1sledn\u011b projedn\u00e1v\u00e1n a obhajov\u00e1n v r\u00e1mci cel\u00e9ho f\u00f3ra.<\/p>\n<p>\u00da\u010dast na takov\u00e9to konferenci p\u0159in\u00e1\u0161\u00ed student\u016fm nejen mo\u017enost zapojit se do evropsk\u00e9 diskuse o d\u016fle\u017eit\u00fdch spole\u010densk\u00fdch t\u00e9matech, ale tak\u00e9 \u0159adu osobn\u00edch zku\u0161enost\u00ed. Eli\u0161ka se musela spolehnout na svou <strong>samostatnost p\u0159i cestov\u00e1n\u00ed do zahrani\u010d\u00ed<\/strong>, nau\u010dila se <strong>\u0159e\u0161it ne\u010dekan\u00e9 situace<\/strong>, a hlavn\u011b dok\u00e1zala <strong>vystoupit z komfortn\u00ed z\u00f3ny<\/strong> p\u0159i jedn\u00e1n\u00ed a prezentac\u00edch v angli\u010dtin\u011b p\u0159ed mezin\u00e1rodn\u00edm publikem.<\/p>\n<p>Na konci srpna se v polsk\u00e9m Krakov\u011b konala dal\u0161\u00ed konference Evropsk\u00e9ho parlamentu ml\u00e1de\u017ee, na kter\u00e9 se se\u0161li mlad\u00ed deleg\u00e1ti z cel\u00e9 Evropy, aby diskutovali o aktu\u00e1ln\u00edch v\u00fdzv\u00e1ch, kter\u00fdm \u010del\u00ed Evropsk\u00e1 unie. A i zde \u010ceskou republiku reprezentovala mimo jin\u00e9 Eli\u0161ka \u010civrn\u00e1, kter\u00e1 byla \u010dlenkou v\u00fdboru pro ve\u0159ejn\u00e9 zdrav\u00ed (SANT II).<\/p>\n<p><a href=\"https:\/\/www.gymvr.cz\/skola2\/wp-content\/uploads\/2025\/09\/EC_EYP_Krakow.jpg\"><img loading=\"lazy\" decoding=\"async\" class=\"alignright  wp-image-19552\" src=\"https:\/\/www.gymvr.cz\/skola2\/wp-content\/uploads\/2025\/09\/EC_EYP_Krakow.jpg\" alt=\"\" width=\"349\" height=\"264\"><\/a>V\u00fdbor se zam\u011b\u0159il na t\u00e9ma antimikrobi\u00e1ln\u00ed rezistence (AMR) \u2013 z\u00e1va\u017en\u00e9ho probl\u00e9mu, kter\u00fd ka\u017edoro\u010dn\u011b zp\u016fsobuje v EU p\u0159ibli\u017en\u011b 33 000 \u00famrt\u00ed. Hlavn\u00edm c\u00edlem bylo naj\u00edt zp\u016fsoby, jak omezit zneu\u017e\u00edv\u00e1n\u00ed antibiotik, podpo\u0159it odpov\u011bdn\u00fd v\u00fdvoj nov\u00fdch l\u00e9\u010div a z\u00e1rove\u0148 neohrozit dostupnost \u00fa\u010dinn\u00e9 zdravotn\u00ed p\u00e9\u010de.<\/p>\n<p>N\u00e1vrh rezoluce, na kter\u00e9m se Eli\u0161ka se sv\u00fdm t\u00fdmem pod\u00edlela, zd\u016fraz\u0148uje n\u011bkolik kl\u00ed\u010dov\u00fdch opat\u0159en\u00ed:<\/p>\n<ul>\n<li>zv\u00fd\u0161en\u00ed pov\u011bdom\u00ed ve\u0159ejnosti o tom, \u017ee antibiotika ne\u00fa\u010dinkuj\u00ed proti vir\u016fm, a v\u011bt\u0161\u00ed d\u016fraz na vzd\u011bl\u00e1v\u00e1n\u00ed d\u011bt\u00ed i dosp\u011bl\u00fdch,<\/li>\n<li>p\u0159\u00edsn\u011bj\u0161\u00ed regulace p\u0159edepisov\u00e1n\u00ed antibiotik, v\u010detn\u011b povinnosti dolo\u017eit diagn\u00f3zu a jasn\u00e9ho ozna\u010dov\u00e1n\u00ed obal\u016f s p\u0159ipom\u00ednkou, aby pacienti dokon\u010dili celou l\u00e9\u010dbu,<\/li>\n<li>podpora v\u00fdzkumu a v\u00fdvoje nov\u00fdch antibiotik prost\u0159ednictv\u00edm finan\u010dn\u00edch pob\u00eddek a zjednodu\u0161en\u00fdch schvalovac\u00edch proces\u016f,<\/li>\n<li>omezen\u00ed nadu\u017e\u00edv\u00e1n\u00ed antibiotik v zem\u011bd\u011blstv\u00ed, nap\u0159\u00edklad vyu\u017e\u00edv\u00e1n\u00edm o\u010dkov\u00e1n\u00ed, lep\u0161\u00ed hygieny a probiotik m\u00edsto preventivn\u00edho pod\u00e1v\u00e1n\u00ed antibiotik,<\/li>\n<li>ochrana \u017eivotn\u00edho prost\u0159ed\u00ed, zejm\u00e9na prevence zne\u010di\u0161t\u011bn\u00ed vod antibiotick\u00fdmi zbytky.<\/li>\n<\/ul>\n<p>Eli\u0161ka a jej\u00ed spolupracovn\u00edci tak p\u0159edstavili komplexn\u00ed n\u00e1vrh, kter\u00fd spojuje medic\u00ednu, zem\u011bd\u011blstv\u00ed i ochranu \u017eivotn\u00edho prost\u0159ed\u00ed. Jejich pr\u00e1ce uk\u00e1zala, \u017ee mlad\u00e1 generace m\u00e1 z\u00e1jem hledat \u0159e\u0161en\u00ed probl\u00e9m\u016f, kter\u00e9 se dot\u00fdkaj\u00ed nejen dne\u0161n\u00ed spole\u010dnosti, ale i budoucnosti cel\u00e9 Evropy.<\/p>\n<p><strong>Jsme hrd\u00ed na to, \u017ee se na\u0161e studentka aktivn\u011b zapojuje do mezin\u00e1rodn\u00edch projekt\u016f a z\u00edsk\u00e1v\u00e1 zku\u0161enosti, kter\u00e9 j\u00ed pomohou nejen ve studiu, ale i v budouc\u00edm \u017eivot\u011b. Za reprezentaci na\u0161\u00ed \u0161koly na mezin\u00e1rodn\u00ed p\u016fd\u011b Eli\u0161ce d\u011bkujeme!<\/strong><\/p>\n","protected":false},"excerpt":{"rendered":"<p>V p\u016flce srpna reprezentovala na\u0161i \u0161kolu Eli\u0161ka \u010civrn\u00e1 (6.A) na mezin\u00e1rodn\u00ed konferenci Evropsk\u00e9ho parlamentu ml\u00e1de\u017ee (EYP) v n\u011bmeck\u00e9m Bonnu.<\/p>\n","protected":false},"author":53,"featured_media":0,"comment_status":"open","ping_status":"open","sticky":false,"template":"","format":"standard","meta":{"ngg_post_thumbnail":0,"footnotes":""},"categories":[1],"tags":[],"class_list":["post-19550","post","type-post","status-publish","format-standard","hentry","category-aktuality"],"_links":{"self":[{"href":"https:\/\/www.gymvr.cz\/skola2\/index.php?rest_route=\/wp\/v2\/posts\/19550","targetHints":{"allow":["GET"]}}],"collection":[{"href":"https:\/\/www.gymvr.cz\/skola2\/index.php?rest_route=\/wp\/v2\/posts"}],"about":[{"href":"https:\/\/www.gymvr.cz\/skola2\/index.php?rest_route=\/wp\/v2\/types\/post"}],"author":[{"embeddable":true,"href":"https:\/\/www.gymvr.cz\/skola2\/index.php?rest_route=\/wp\/v2\/users\/53"}],"replies":[{"embeddable":true,"href":"https:\/\/www.gymvr.cz\/skola2\/index.php?rest_route=%2Fwp%2Fv2%2Fcomments&post=19550"}],"version-history":[{"count":2,"href":"https:\/\/www.gymvr.cz\/skola2\/index.php?rest_route=\/wp\/v2\/posts\/19550\/revisions"}],"predecessor-version":[{"id":19554,"href":"https:\/\/www.gymvr.cz\/skola2\/index.php?rest_route=\/wp\/v2\/posts\/19550\/revisions\/19554"}],"wp:attachment":[{"href":"https:\/\/www.gymvr.cz\/skola2\/index.php?rest_route=%2Fwp%2Fv2%2Fmedia&parent=19550"}],"wp:term":[{"taxonomy":"category","embeddable":true,"href":"https:\/\/www.gymvr.cz\/skola2\/index.php?rest_route=%2Fwp%2Fv2%2Fcategories&post=19550"},{"taxonomy":"post_tag","embeddable":true,"href":"https:\/\/www.gymvr.cz\/skola2\/index.php?rest_route=%2Fwp%2Fv2%2Ftags&post=19550"}],"curies":[{"name":"wp","href":"https:\/\/api.w.org\/{rel}","templated":true}]}}