{"id":19555,"date":"2025-09-09T11:42:04","date_gmt":"2025-09-09T10:42:04","guid":{"rendered":"https:\/\/www.gymvr.cz\/skola2\/?p=19555"},"modified":"2025-09-09T19:11:57","modified_gmt":"2025-09-09T18:11:57","slug":"rozebehl-se-skolni-rok-2025-2026","status":"publish","type":"post","link":"https:\/\/www.gymvr.cz\/skola2\/?p=19555","title":{"rendered":"Rozeb\u011bhl se \u0161koln\u00ed rok 2025\/2026"},"content":{"rendered":"<p><a href=\"https:\/\/www.gymvr.cz\/skola2\/wp-content\/uploads\/2025\/09\/1-9-2025.png\"><img loading=\"lazy\" decoding=\"async\" class=\"aligncenter size-full wp-image-19558\" src=\"https:\/\/www.gymvr.cz\/skola2\/wp-content\/uploads\/2025\/09\/1-9-2025.png\" alt=\"\" width=\"1495\" height=\"1029\" srcset=\"https:\/\/www.gymvr.cz\/skola2\/wp-content\/uploads\/2025\/09\/1-9-2025.png 1495w, https:\/\/www.gymvr.cz\/skola2\/wp-content\/uploads\/2025\/09\/1-9-2025-300x206.png 300w, https:\/\/www.gymvr.cz\/skola2\/wp-content\/uploads\/2025\/09\/1-9-2025-644x443.png 644w, https:\/\/www.gymvr.cz\/skola2\/wp-content\/uploads\/2025\/09\/1-9-2025-768x529.png 768w, https:\/\/www.gymvr.cz\/skola2\/wp-content\/uploads\/2025\/09\/1-9-2025-436x300.png 436w\" sizes=\"auto, (max-width: 1495px) 100vw, 1495px\" \/><\/a>Stejn\u011b jako loni jsme ve Vrchlab\u00ed za\u010dali \u0161koln\u00ed rok 1. z\u00e1\u0159\u00ed kr\u00e1tk\u00fdm shrom\u00e1\u017ed\u011bn\u00edm v\u0161ech \u017e\u00e1k\u016f a zam\u011bstnanc\u016f \u0161koly na \u0161koln\u00edm h\u0159i\u0161ti. \u0158editel Jan Kletv\u00edk v\u0161echny kr\u00e1tce p\u0159iv\u00edtal, pot\u00e9 p\u0159edstavil novou posilu pedagogick\u00e9ho sboru <strong>Zuzanu Cejnarovou (Hv)<\/strong> a nast\u00ednil, co n\u00e1s v tomto \u0161koln\u00edm roce \u010dek\u00e1.<\/p>\n<p>Zat\u00edmco v\u011bt\u0161ina z&nbsp;n\u00e1s u\u017e\u00edvala pr\u00e1zdninov\u00e9ho odpo\u010dinku, n\u011bkte\u0159\u00ed studenti reprezentovali \u0161kolu i o letn\u00edch pr\u00e1zdnin\u00e1ch: <strong>Eli\u0161ka \u010civrn\u00e1 se \u00fa\u010dastnila dvou konferenc\u00ed Evropsk\u00e9ho parlamentu ml\u00e1de\u017ee (EYP)<\/strong>, o \u010dem\u017e se m\u016f\u017eete do\u010d\u00edst <a href=\"https:\/\/www.gymvr.cz\/skola2\/?p=19550\">zde<\/a>.<\/p>\n<p>V prvn\u00edch z\u00e1\u0159ijov\u00fdch t\u00fddnech prob\u011bhly adapta\u010dn\u00ed kurzy nov\u00fdch t\u0159\u00edd a cyklistick\u00fd kurz maturitn\u00edch ro\u010dn\u00edk\u016f a ji\u017e pl\u00e1nujeme celou \u0159adu v\u011bt\u0161inou ji\u017e tradi\u010dn\u00edch akc\u00ed jako jsou z\u00e1jezdy a exkurze.<\/p>\n<p>P\u0159ejeme v\u00e1m podn\u011btn\u00fd a vyda\u0159en\u00fd nov\u00fd \u0161koln\u00ed rok.<\/p>\n","protected":false},"excerpt":{"rendered":"<p>Stejn\u011b jako loni jsme ve Vrchlab\u00ed za\u010dali \u0161koln\u00ed rok 1. z\u00e1\u0159\u00ed kr\u00e1tk\u00fdm shrom\u00e1\u017ed\u011bn\u00edm v\u0161ech \u017e\u00e1k\u016f a zam\u011bstnanc\u016f \u0161koly na \u0161koln\u00edm h\u0159i\u0161ti. \u0158editel Jan Kletv\u00edk v\u0161echny kr\u00e1tce p\u0159iv\u00edtal, pot\u00e9 p\u0159edstavil novou posilu pedagogick\u00e9ho sboru Zuzanu Cejnarovou (Hv) a nast\u00ednil, co n\u00e1s &hellip; <a href=\"https:\/\/www.gymvr.cz\/skola2\/?p=19555\">Cel\u00fd p\u0159\u00edsp\u011bvek <span class=\"meta-nav\">&rarr;<\/span><\/a><\/p>\n","protected":false},"author":53,"featured_media":0,"comment_status":"open","ping_status":"open","sticky":false,"template":"","format":"standard","meta":{"ngg_post_thumbnail":0,"footnotes":""},"categories":[1],"tags":[],"class_list":["post-19555","post","type-post","status-publish","format-standard","hentry","category-aktuality"],"_links":{"self":[{"href":"https:\/\/www.gymvr.cz\/skola2\/index.php?rest_route=\/wp\/v2\/posts\/19555","targetHints":{"allow":["GET"]}}],"collection":[{"href":"https:\/\/www.gymvr.cz\/skola2\/index.php?rest_route=\/wp\/v2\/posts"}],"about":[{"href":"https:\/\/www.gymvr.cz\/skola2\/index.php?rest_route=\/wp\/v2\/types\/post"}],"author":[{"embeddable":true,"href":"https:\/\/www.gymvr.cz\/skola2\/index.php?rest_route=\/wp\/v2\/users\/53"}],"replies":[{"embeddable":true,"href":"https:\/\/www.gymvr.cz\/skola2\/index.php?rest_route=%2Fwp%2Fv2%2Fcomments&post=19555"}],"version-history":[{"count":3,"href":"https:\/\/www.gymvr.cz\/skola2\/index.php?rest_route=\/wp\/v2\/posts\/19555\/revisions"}],"predecessor-version":[{"id":19559,"href":"https:\/\/www.gymvr.cz\/skola2\/index.php?rest_route=\/wp\/v2\/posts\/19555\/revisions\/19559"}],"wp:attachment":[{"href":"https:\/\/www.gymvr.cz\/skola2\/index.php?rest_route=%2Fwp%2Fv2%2Fmedia&parent=19555"}],"wp:term":[{"taxonomy":"category","embeddable":true,"href":"https:\/\/www.gymvr.cz\/skola2\/index.php?rest_route=%2Fwp%2Fv2%2Fcategories&post=19555"},{"taxonomy":"post_tag","embeddable":true,"href":"https:\/\/www.gymvr.cz\/skola2\/index.php?rest_route=%2Fwp%2Fv2%2Ftags&post=19555"}],"curies":[{"name":"wp","href":"https:\/\/api.w.org\/{rel}","templated":true}]}}