{"id":3519,"date":"2014-12-12T13:40:00","date_gmt":"2014-12-12T12:40:00","guid":{"rendered":"http:\/\/www.gymvr.cz\/skola\/wp\/?p=3519"},"modified":"2018-12-08T16:41:46","modified_gmt":"2018-12-08T15:41:46","slug":"uspesna-premierova-ucast-studentu-vrchlabskeho-gymnazia-v-prestizni-dejepisne-soutezi-gymnazii-ceske-a-slovenske-republiky","status":"publish","type":"post","link":"https:\/\/www.gymvr.cz\/skola2\/?p=3519","title":{"rendered":"\u00dasp\u011b\u0161n\u00e1 premi\u00e9rov\u00e1 \u00fa\u010dast student\u016f vrchlabsk\u00e9ho gymn\u00e1zia v presti\u017en\u00ed d\u011bjepisn\u00e9 sout\u011b\u017ei gymn\u00e1zi\u00ed \u010cesk\u00e9 a Slovensk\u00e9 republiky"},"content":{"rendered":"<p>Studenti maturitn\u00edho ro\u010dn\u00edku Gymn\u00e1zia Vrchlab\u00ed Karel Srnsk\u00fd, Pavl\u00edna Adolfov\u00e1 a Tom\u00e1\u0161 Bruncl\u00edk se \u00a0z\u00fa\u010dastnili celost\u00e1tn\u00edho kola D\u011bjepisn\u00e9 sout\u011b\u017ee gymn\u00e1zi\u00ed \u010cesk\u00e9 a Slovensk\u00e9 republiky. Sout\u011b\u017e se konala v\u00a0prostor\u00e1ch Ekonomick\u00e9 fakulty\u00a0 Z\u00e1pado\u010desk\u00e9 univerzity v Chebu a z\u00fa\u010dastnilo se j\u00ed 75 gymn\u00e1zi\u00ed z\u00a0\u010ceska a Slovenska. Sout\u011b\u017e se b\u011bhem n\u011bkolika let vypracovala na presti\u017en\u00ed ud\u00e1lost s\u00a0bohatou z\u00e1kladnou partner\u016f a sponzor\u016f. Mimo jin\u00e9 p\u0159isp\u011bla i m\u011bsta vys\u00edlaj\u00edc\u00ed sv\u00e9 reprezentanty, tedy i Vrchlab\u00ed. N\u00e1ro\u010dn\u00e9 zad\u00e1n\u00ed testu vypracovala \u0159ada historik\u016f a vysoko\u0161kolsk\u00fdch profesor\u016f a mnoz\u00ed z\u00a0nich byli i osobn\u011b v\u00a0Chebu p\u0159\u00edtomni. Ot\u00e1zky posledn\u00edho kola \u010detli v\u00a0p\u0159edto\u010den\u00fdch spotech premi\u00e9\u0159i \u010cesk\u00e9 a Slovensk\u00e9 republiky, p\u0159edsedov\u00e9 z\u00e1konod\u00e1rn\u00fdch slo\u017eek obou st\u00e1t\u016f, minist\u0159i \u0161kolstv\u00ed obou st\u00e1t\u016f a dal\u0161\u00ed. Ministr \u0161kolstv\u00ed \u010cR\u00a0 Marcel Chl\u00e1dek\u00a0 p\u0159ijel sout\u011b\u017e\u00edc\u00ed\u00a0 osobn\u011b pozdravit a povzbudit a z\u00fa\u010dastnil se i slavnostn\u00edho vyhl\u00e1\u0161en\u00ed v\u00fdsledk\u016f.\u00a0\u00a0\u00a0\u00a0\u00a0\u00a0\u00a0\u00a0\u00a0\u00a0\u00a0\u00a0\u00a0\u00a0\u00a0\u00a0\u00a0\u00a0\u00a0\u00a0\u00a0\u00a0\u00a0\u00a0\u00a0\u00a0\u00a0\u00a0\u00a0\u00a0\u00a0\u00a0\u00a0\u00a0\u00a0\u00a0\u00a0\u00a0\u00a0\u00a0\u00a0\u00a0\u00a0\u00a0\u00a0\u00a0\u00a0\u00a0\u00a0\u00a0\u00a0\u00a0\u00a0\u00a0\u00a0\u00a0\u00a0\u00a0\u00a0\u00a0\u00a0\u00a0\u00a0\u00a0\u00a0\u00a0\u00a0\u00a0\u00a0\u00a0\u00a0\u00a0\u00a0\u00a0\u00a0\u00a0\u00a0\u00a0\u00a0\u00a0\u00a0\u00a0\u00a0\u00a0\u00a0\u00a0\u00a0\u00a0\u00a0\u00a0\u00a0\u00a0\u00a0\u00a0\u00a0\u00a0\u00a0\u00a0\u00a0\u00a0\u00a0\u00a0\u00a0\u00a0\u00a0\u00a0\u00a0\u00a0\u00a0\u00a0\u00a0\u00a0\u00a0\u00a0\u00a0\u00a0\u00a0\u00a0\u00a0\u00a0\u00a0\u00a0\u00a0\u00a0\u00a0\u00a0\u00a0\u00a0\u00a0\u00a0\u00a0\u00a0\u00a0\u00a0\u00a0\u00a0 Leto\u0161n\u00ed ro\u010dn\u00edk byl zam\u011b\u0159en na obdob\u00ed prvn\u00ed a druh\u00e9 republiky, tzn. obdob\u00ed let 1918 a\u017e 1939. Letos poprv\u00e9 se na ja\u0159e kv\u016fli zvy\u0161uj\u00edc\u00edmu z\u00e1jmu konala i krajsk\u00e1 kola, kde studenti vrchlabsk\u00e9ho gymn\u00e1zia z\u00edskali 1. m\u00edsto v\u00a0Kr\u00e1lov\u00e9hradeck\u00e9m kraji. Tento \u00fasp\u011bch se jim poda\u0159ilo zopakovat a sv\u00e9 prvenstv\u00ed mezi gymn\u00e1zii Kr\u00e1lov\u00e9hradeck\u00e9ho kraje v\u00a0celost\u00e1tn\u00edm kole obh\u00e1jili a celkov\u011b\u00a0 v\u00a0sout\u011b\u017ei obsadili 13.m\u00edsto.<\/p>\n<p>D\u011bkuji student\u016fm za jejich \u00fasil\u00ed a \u00fasp\u011b\u0161nou reprezentaci vrchlabsk\u00e9ho gymn\u00e1zia.<\/p>\n<p>Mgr. Mirka Trojanov\u00e1<\/p>\n","protected":false},"excerpt":{"rendered":"<p>Studenti maturitn\u00edho ro\u010dn\u00edku Gymn\u00e1zia Vrchlab\u00ed Karel Srnsk\u00fd, Pavl\u00edna Adolfov\u00e1 a Tom\u00e1\u0161 Bruncl\u00edk se \u00a0z\u00fa\u010dastnili celost\u00e1tn\u00edho kola D\u011bjepisn\u00e9 sout\u011b\u017ee gymn\u00e1zi\u00ed \u010cesk\u00e9 a Slovensk\u00e9 republiky. Sout\u011b\u017e se konala v\u00a0prostor\u00e1ch Ekonomick\u00e9 fakulty\u00a0 Z\u00e1pado\u010desk\u00e9 univerzity v Chebu a z\u00fa\u010dastnilo se j\u00ed 75 gymn\u00e1zi\u00ed z\u00a0\u010ceska &hellip; <a href=\"https:\/\/www.gymvr.cz\/skola2\/?p=3519\">Cel\u00fd p\u0159\u00edsp\u011bvek <span class=\"meta-nav\">&rarr;<\/span><\/a><\/p>\n","protected":false},"author":14,"featured_media":0,"comment_status":"open","ping_status":"open","sticky":false,"template":"","format":"standard","meta":{"ngg_post_thumbnail":0,"footnotes":""},"categories":[39,50,62],"tags":[],"class_list":["post-3519","post","type-post","status-publish","format-standard","hentry","category-dejepis","category-olympiady-a-souteze","category-uspechy"],"_links":{"self":[{"href":"https:\/\/www.gymvr.cz\/skola2\/index.php?rest_route=\/wp\/v2\/posts\/3519","targetHints":{"allow":["GET"]}}],"collection":[{"href":"https:\/\/www.gymvr.cz\/skola2\/index.php?rest_route=\/wp\/v2\/posts"}],"about":[{"href":"https:\/\/www.gymvr.cz\/skola2\/index.php?rest_route=\/wp\/v2\/types\/post"}],"author":[{"embeddable":true,"href":"https:\/\/www.gymvr.cz\/skola2\/index.php?rest_route=\/wp\/v2\/users\/14"}],"replies":[{"embeddable":true,"href":"https:\/\/www.gymvr.cz\/skola2\/index.php?rest_route=%2Fwp%2Fv2%2Fcomments&post=3519"}],"version-history":[{"count":1,"href":"https:\/\/www.gymvr.cz\/skola2\/index.php?rest_route=\/wp\/v2\/posts\/3519\/revisions"}],"predecessor-version":[{"id":3818,"href":"https:\/\/www.gymvr.cz\/skola2\/index.php?rest_route=\/wp\/v2\/posts\/3519\/revisions\/3818"}],"wp:attachment":[{"href":"https:\/\/www.gymvr.cz\/skola2\/index.php?rest_route=%2Fwp%2Fv2%2Fmedia&parent=3519"}],"wp:term":[{"taxonomy":"category","embeddable":true,"href":"https:\/\/www.gymvr.cz\/skola2\/index.php?rest_route=%2Fwp%2Fv2%2Fcategories&post=3519"},{"taxonomy":"post_tag","embeddable":true,"href":"https:\/\/www.gymvr.cz\/skola2\/index.php?rest_route=%2Fwp%2Fv2%2Ftags&post=3519"}],"curies":[{"name":"wp","href":"https:\/\/api.w.org\/{rel}","templated":true}]}}