{"id":5261,"date":"2017-05-30T11:46:37","date_gmt":"2017-05-30T10:46:37","guid":{"rendered":"https:\/\/www.gymvr.cz\/skola2\/?p=5261"},"modified":"2018-08-29T18:19:19","modified_gmt":"2018-08-29T17:19:19","slug":"vymenny-projekt-do-saska-tandem","status":"publish","type":"post","link":"https:\/\/www.gymvr.cz\/skola2\/?p=5261","title":{"rendered":"V\u00fdm\u011bnn\u00fd projekt do Saska (Tandem)"},"content":{"rendered":"<p>Mil\u00e9 studentky a mil\u00ed studenti <strong>ve v\u011bku 15-17 let<\/strong>. M\u00e1me <strong>voln\u00e1 dv\u011b m\u00edsta<\/strong> do mezin\u00e1rodn\u00edho projektu s gymn\u00e1ziem v Brand-Erbisdorfu. V term\u00ednu <strong>17. &#8211; 30. 6.<\/strong> se kon\u00e1 projekt, jeho\u017e prvn\u00ed t\u00fdden se uskute\u010dn\u00ed v Sasku a druh\u00fd t\u00fdden v \u010cech\u00e1ch (Praha, Vrchlab\u00ed, Krkono\u0161e). V N\u011bmecku budeme m\u00edt zaj\u00edmav\u00fd program c\u00edlen\u00fd pr\u00e1v\u011b na tuto v\u011bkovou skupinu, mj. <strong>pojedeme do Dr\u00e1\u017e\u010fan<\/strong>, a budeme ubytov\u00e1ni v rodin\u00e1ch. Podm\u00ednkou \u00fa\u010dasti je zaplacen\u00ed symbolick\u00e9 \u010d\u00e1stky 35 euro na osobu a mo\u017enost ubytovat na 4 noci sv\u00e9ho n\u011bmeck\u00e9ho kamar\u00e1da u sebe doma (nejl\u00e9pe). P\u0159ev\u00e1\u017en\u00e1 \u010d\u00e1st cel\u00e9ho projektu je hrazena z dotac\u00ed na mezin\u00e1rodn\u00ed spolupr\u00e1ci ml\u00e1de\u017ee.<\/p>\n<p>V lo\u0148sk\u00e9m roce jsme tento projekt ji\u017e absolvovali s nadm\u00edru pozitivn\u00edmi odezvami ze strany na\u0161ich i n\u011bmeck\u00fdch student\u016f.<\/p>\n<p>Sb\u00edrat zku\u0161enosti s kontaktem s lidmi z jin\u00e9 zem\u011b za hubi\u010dku, to je nab\u00eddka, kter\u00e1 se neodm\u00edt\u00e1! Znalost n\u011bmeck\u00e9ho jazyka nen\u00ed podm\u00ednkou.<\/p>\n<p>Pros\u00edm z\u00e1jemce, aby nev\u00e1hali a p\u0159i\u0161li se p\u0159ihl\u00e1sit do kabinetu NJ (v p\u0159\u00edzem\u00ed).<\/p>\n","protected":false},"excerpt":{"rendered":"<p>Mil\u00e9 studentky a mil\u00ed studenti ve v\u011bku 15-17 let. M\u00e1me voln\u00e1 dv\u011b m\u00edsta do mezin\u00e1rodn\u00edho projektu s gymn\u00e1ziem v Brand-Erbisdorfu. V term\u00ednu 17. &#8211; 30. 6. se kon\u00e1 projekt, jeho\u017e prvn\u00ed t\u00fdden se uskute\u010dn\u00ed v Sasku a druh\u00fd t\u00fdden v &hellip; <a href=\"https:\/\/www.gymvr.cz\/skola2\/?p=5261\">Cel\u00fd p\u0159\u00edsp\u011bvek <span class=\"meta-nav\">&rarr;<\/span><\/a><\/p>\n","protected":false},"author":47,"featured_media":0,"comment_status":"open","ping_status":"open","sticky":false,"template":"","format":"standard","meta":{"ngg_post_thumbnail":0,"footnotes":""},"categories":[48,28],"tags":[],"class_list":["post-5261","post","type-post","status-publish","format-standard","hentry","category-nemcina","category-zahr-vymenne-pobyty"],"_links":{"self":[{"href":"https:\/\/www.gymvr.cz\/skola2\/index.php?rest_route=\/wp\/v2\/posts\/5261","targetHints":{"allow":["GET"]}}],"collection":[{"href":"https:\/\/www.gymvr.cz\/skola2\/index.php?rest_route=\/wp\/v2\/posts"}],"about":[{"href":"https:\/\/www.gymvr.cz\/skola2\/index.php?rest_route=\/wp\/v2\/types\/post"}],"author":[{"embeddable":true,"href":"https:\/\/www.gymvr.cz\/skola2\/index.php?rest_route=\/wp\/v2\/users\/47"}],"replies":[{"embeddable":true,"href":"https:\/\/www.gymvr.cz\/skola2\/index.php?rest_route=%2Fwp%2Fv2%2Fcomments&post=5261"}],"version-history":[{"count":3,"href":"https:\/\/www.gymvr.cz\/skola2\/index.php?rest_route=\/wp\/v2\/posts\/5261\/revisions"}],"predecessor-version":[{"id":5265,"href":"https:\/\/www.gymvr.cz\/skola2\/index.php?rest_route=\/wp\/v2\/posts\/5261\/revisions\/5265"}],"wp:attachment":[{"href":"https:\/\/www.gymvr.cz\/skola2\/index.php?rest_route=%2Fwp%2Fv2%2Fmedia&parent=5261"}],"wp:term":[{"taxonomy":"category","embeddable":true,"href":"https:\/\/www.gymvr.cz\/skola2\/index.php?rest_route=%2Fwp%2Fv2%2Fcategories&post=5261"},{"taxonomy":"post_tag","embeddable":true,"href":"https:\/\/www.gymvr.cz\/skola2\/index.php?rest_route=%2Fwp%2Fv2%2Ftags&post=5261"}],"curies":[{"name":"wp","href":"https:\/\/api.w.org\/{rel}","templated":true}]}}