{"id":7436,"date":"2020-03-02T19:11:31","date_gmt":"2020-03-02T18:11:31","guid":{"rendered":"https:\/\/www.gymvr.cz\/skola2\/?p=7436"},"modified":"2022-06-19T08:37:02","modified_gmt":"2022-06-19T07:37:02","slug":"zemepisna-olympiada-okresni-kolo-2","status":"publish","type":"post","link":"https:\/\/www.gymvr.cz\/skola2\/?p=7436","title":{"rendered":"Zem\u011bpisn\u00e1 olympi\u00e1da &#8211; okresn\u00ed kolo"},"content":{"rendered":"<p><a href=\"https:\/\/www.gymvr.cz\/skola2\/wp-content\/uploads\/2020\/03\/banner4g.jpg\"><img loading=\"lazy\" decoding=\"async\" class=\"alignnone size-full wp-image-7437\" src=\"https:\/\/www.gymvr.cz\/skola2\/wp-content\/uploads\/2020\/03\/banner4g.jpg\" alt=\"\" width=\"1000\" height=\"180\" \/><\/a><\/p>\n<p>Ve st\u0159edu 26. 2. 2020 se ve Dvo\u0159e Kr\u00e1lov\u00e9 nad Labem konalo okresn\u00ed kolo zem\u011bpisn\u00e9 olympi\u00e1dy. Na\u0161i \u0161kolu v kategorii &#8222;A&#8220; reprezentoval student 1. A <strong>V\u00e1clav \u010cern\u00fd<\/strong>, vedl si v\u00fdborn\u011b a obsadil <strong>2. m\u00edsto<\/strong>. V kategorii &#8222;B&#8220; n\u00e1s reprezentovala <strong>Sylvie Algerov\u00e1<\/strong> z 2. A, kter\u00e1 tak\u00e9 obsadila vynikaj\u00edc\u00ed <strong>2. m\u00edsto<\/strong>. Oba tak postoupili do kola krajsk\u00e9ho. V kategorii &#8222;C&#8220; na\u0161i \u0161kolu reprezentovali studenti\u00a0<strong>Tuan Anh Tran <\/strong>(4. A), kter\u00fd t\u011bsn\u011b obsadil <strong>4.\u00a0m\u00edsto,<\/strong> a <strong>Luk\u00e1\u0161 Van\u00ed\u010dek <\/strong>(3. A), kter\u00fd v konkurenci o rok star\u0161\u00edch student\u016f obsadil <strong>8.\u00a0m\u00edsto<\/strong>. V nejvy\u0161\u0161\u00ed kategorii &#8222;D&#8220; na\u0161e gymn\u00e1zium reprezentoval <strong>Tom\u00e1\u0161 Krampera <\/strong>(7.&nbsp;A), kter\u00fd obsadil <strong>5. m\u00edsto<\/strong>.<\/p>\n<p>V\u0161em gratulujeme a d\u011bkujeme za vynikaj\u00edc\u00ed reprezentaci \u0161koly.<\/p>\n<p>&nbsp;<\/p>\n<p>Aktualizace 9. 3. 2020: D\u00edky vysok\u00e9mu po\u010dtu bod\u016f v okresn\u00edm kole do krajsk\u00e9ho kola postupuj\u00ed tak\u00e9\u00a0Tuan Anh Tran a Tom\u00e1\u0161 Krampera. Gratulujeme.<\/p>\n","protected":false},"excerpt":{"rendered":"<p>Ve st\u0159edu 26. 2. 2020 se ve Dvo\u0159e Kr\u00e1lov\u00e9 nad Labem konalo okresn\u00ed kolo zem\u011bpisn\u00e9 olympi\u00e1dy. Na\u0161i \u0161kolu v kategorii &#8222;A&#8220; reprezentoval student 1. A V\u00e1clav \u010cern\u00fd, vedl si v\u00fdborn\u011b a obsadil 2. m\u00edsto. V kategorii &#8222;B&#8220; n\u00e1s reprezentovala Sylvie &hellip; <a href=\"https:\/\/www.gymvr.cz\/skola2\/?p=7436\">Cel\u00fd p\u0159\u00edsp\u011bvek <span class=\"meta-nav\">&rarr;<\/span><\/a><\/p>\n","protected":false},"author":66,"featured_media":0,"comment_status":"open","ping_status":"open","sticky":false,"template":"","format":"standard","meta":{"ngg_post_thumbnail":0,"footnotes":""},"categories":[1,50,53,30],"tags":[],"class_list":["post-7436","post","type-post","status-publish","format-standard","hentry","category-aktuality","category-olympiady-a-souteze","category-vrchlabi","category-zemepis"],"_links":{"self":[{"href":"https:\/\/www.gymvr.cz\/skola2\/index.php?rest_route=\/wp\/v2\/posts\/7436","targetHints":{"allow":["GET"]}}],"collection":[{"href":"https:\/\/www.gymvr.cz\/skola2\/index.php?rest_route=\/wp\/v2\/posts"}],"about":[{"href":"https:\/\/www.gymvr.cz\/skola2\/index.php?rest_route=\/wp\/v2\/types\/post"}],"author":[{"embeddable":true,"href":"https:\/\/www.gymvr.cz\/skola2\/index.php?rest_route=\/wp\/v2\/users\/66"}],"replies":[{"embeddable":true,"href":"https:\/\/www.gymvr.cz\/skola2\/index.php?rest_route=%2Fwp%2Fv2%2Fcomments&post=7436"}],"version-history":[{"count":7,"href":"https:\/\/www.gymvr.cz\/skola2\/index.php?rest_route=\/wp\/v2\/posts\/7436\/revisions"}],"predecessor-version":[{"id":10714,"href":"https:\/\/www.gymvr.cz\/skola2\/index.php?rest_route=\/wp\/v2\/posts\/7436\/revisions\/10714"}],"wp:attachment":[{"href":"https:\/\/www.gymvr.cz\/skola2\/index.php?rest_route=%2Fwp%2Fv2%2Fmedia&parent=7436"}],"wp:term":[{"taxonomy":"category","embeddable":true,"href":"https:\/\/www.gymvr.cz\/skola2\/index.php?rest_route=%2Fwp%2Fv2%2Fcategories&post=7436"},{"taxonomy":"post_tag","embeddable":true,"href":"https:\/\/www.gymvr.cz\/skola2\/index.php?rest_route=%2Fwp%2Fv2%2Ftags&post=7436"}],"curies":[{"name":"wp","href":"https:\/\/api.w.org\/{rel}","templated":true}]}}