{"id":9808,"date":"2022-03-13T20:21:15","date_gmt":"2022-03-13T19:21:15","guid":{"rendered":"https:\/\/www.gymvr.cz\/skola2\/?p=9808"},"modified":"2022-03-13T20:21:15","modified_gmt":"2022-03-13T19:21:15","slug":"tyden-mozku-2022","status":"publish","type":"post","link":"https:\/\/www.gymvr.cz\/skola2\/?p=9808","title":{"rendered":"T\u00fdden mozku 2022"},"content":{"rendered":"<p style=\"font-weight: 400;\">Jak vznik\u00e1 bolest? Co m\u016f\u017ee fyzika prozradit o mozku? Jak\u00e9 jsou nejnov\u011bj\u0161\u00ed terapie neurodegenerativn\u00edch onemocn\u011bn\u00ed?<\/p>\n<p style=\"font-weight: 400;\">V\u00a0pond\u011bl\u00ed 14. b\u0159ezna za\u010d\u00edn\u00e1 23. ro\u010dn\u00edk festivalu T\u00fdden mozku o nejnov\u011bj\u0161\u00edch objevech a trendech ve v\u00fdzkumu mozku a neurov\u011bd.<\/p>\n<p style=\"font-weight: 400;\">Po cel\u00fd t\u00fdden nab\u00eddne poutav\u00e9 p\u0159edn\u00e1\u0161ky, besedy, workshopy \u010di tipy na tr\u00e9nink mozku. V\u011bt\u0161ina programu se uskute\u010dn\u00ed online, n\u011bkter\u00e9 akce v\u0161ak m\u016f\u017eete nav\u0161t\u00edvit tak\u00e9 osobn\u011b (nap\u0159. v\u00a0Hradci Kr\u00e1lov\u00e9 \u010di Praze).<\/p>\n<p>V\u0161echny akce jsou zdarma. Kompletn\u00ed program najdete na\u00a0<a href=\"http:\/\/www.tydenmozku.cz\/\" data-saferedirecturl=\"https:\/\/www.google.com\/url?q=http:\/\/www.tydenmozku.cz&amp;source=gmail&amp;ust=1647285493629000&amp;usg=AOvVaw1FFluue0cqmtSo7NS-ak3L\">www.tydenmozku.cz<\/a>.<\/p>\n<p style=\"font-weight: 400;\"><a href=\"https:\/\/www.gymvr.cz\/skola2\/wp-content\/uploads\/2022\/03\/TM_p\u0159\u00edsp\u011bvek.jpg\"><img loading=\"lazy\" decoding=\"async\" class=\"alignnone size-full wp-image-9809\" src=\"https:\/\/www.gymvr.cz\/skola2\/wp-content\/uploads\/2022\/03\/TM_p\u0159\u00edsp\u011bvek.jpg\" alt=\"\" width=\"1200\" height=\"628\" \/><\/a><\/p>\n<p style=\"font-weight: 400;\">\n","protected":false},"excerpt":{"rendered":"<p>Jak vznik\u00e1 bolest? Co m\u016f\u017ee fyzika prozradit o mozku? Jak\u00e9 jsou nejnov\u011bj\u0161\u00ed terapie neurodegenerativn\u00edch onemocn\u011bn\u00ed? V\u00a0pond\u011bl\u00ed 14. b\u0159ezna za\u010d\u00edn\u00e1 23. ro\u010dn\u00edk festivalu T\u00fdden mozku o nejnov\u011bj\u0161\u00edch objevech a trendech ve v\u00fdzkumu mozku a neurov\u011bd. Po cel\u00fd t\u00fdden nab\u00eddne poutav\u00e9 p\u0159edn\u00e1\u0161ky, &hellip; <a href=\"https:\/\/www.gymvr.cz\/skola2\/?p=9808\">Cel\u00fd p\u0159\u00edsp\u011bvek <span class=\"meta-nav\">&rarr;<\/span><\/a><\/p>\n","protected":false},"author":9,"featured_media":9809,"comment_status":"open","ping_status":"open","sticky":false,"template":"","format":"standard","meta":{"ngg_post_thumbnail":0,"footnotes":""},"categories":[1],"tags":[],"class_list":["post-9808","post","type-post","status-publish","format-standard","has-post-thumbnail","hentry","category-aktuality"],"_links":{"self":[{"href":"https:\/\/www.gymvr.cz\/skola2\/index.php?rest_route=\/wp\/v2\/posts\/9808","targetHints":{"allow":["GET"]}}],"collection":[{"href":"https:\/\/www.gymvr.cz\/skola2\/index.php?rest_route=\/wp\/v2\/posts"}],"about":[{"href":"https:\/\/www.gymvr.cz\/skola2\/index.php?rest_route=\/wp\/v2\/types\/post"}],"author":[{"embeddable":true,"href":"https:\/\/www.gymvr.cz\/skola2\/index.php?rest_route=\/wp\/v2\/users\/9"}],"replies":[{"embeddable":true,"href":"https:\/\/www.gymvr.cz\/skola2\/index.php?rest_route=%2Fwp%2Fv2%2Fcomments&post=9808"}],"version-history":[{"count":1,"href":"https:\/\/www.gymvr.cz\/skola2\/index.php?rest_route=\/wp\/v2\/posts\/9808\/revisions"}],"predecessor-version":[{"id":9810,"href":"https:\/\/www.gymvr.cz\/skola2\/index.php?rest_route=\/wp\/v2\/posts\/9808\/revisions\/9810"}],"wp:featuredmedia":[{"embeddable":true,"href":"https:\/\/www.gymvr.cz\/skola2\/index.php?rest_route=\/wp\/v2\/media\/9809"}],"wp:attachment":[{"href":"https:\/\/www.gymvr.cz\/skola2\/index.php?rest_route=%2Fwp%2Fv2%2Fmedia&parent=9808"}],"wp:term":[{"taxonomy":"category","embeddable":true,"href":"https:\/\/www.gymvr.cz\/skola2\/index.php?rest_route=%2Fwp%2Fv2%2Fcategories&post=9808"},{"taxonomy":"post_tag","embeddable":true,"href":"https:\/\/www.gymvr.cz\/skola2\/index.php?rest_route=%2Fwp%2Fv2%2Ftags&post=9808"}],"curies":[{"name":"wp","href":"https:\/\/api.w.org\/{rel}","templated":true}]}}